{"id":38734,"date":"2017-03-28T13:53:57","date_gmt":"2017-03-28T13:53:57","guid":{"rendered":"http:\/\/plazajuarez.mx\/index\/index.php\/2017\/03\/28\/advierten-de-otros-bandas-dedicadas-a-golpear-a-jovenes\/"},"modified":"2017-03-28T13:53:57","modified_gmt":"2017-03-28T13:53:57","slug":"advierten-de-otros-bandas-dedicadas-a-golpear-a-jovenes","status":"publish","type":"post","link":"https:\/\/plazajuarez.mx\/historico\/advierten-de-otros-bandas-dedicadas-a-golpear-a-jovenes\/","title":{"rendered":"ADVIERTEN DE OTROS BANDAS DEDICADAS A GOLPEAR A J\u00d3VENES"},"content":{"rendered":"<p>CIUDAD DE M\u00c9XICO <\/p>\n<p>  <!--more-->  <\/p>\n<p>La Procuradur\u00eda General de la Ciudad de M\u00e9xico difundi\u00f3 un video en el que se observa la agresi\u00f3n de dos de los &#8220;Centinelas&#8221; <br \/>Luego de darse a conocer el &#8220;modus operandi&#8221; de &#8220;Los Centinelas&#8221;, banda dedicada a golpear a j\u00f3venes en lugares p\u00fablicos del sur de la Ciudad de M\u00e9xico, padres de familia alertaron por la presencia de otros grupos que act\u00faan de la misma manera.<br \/>El fin de semana, la Procuradur\u00eda General de la Ciudad de M\u00e9xico difundi\u00f3 un video en el que puede observarse la agresi\u00f3n de dos de los &#8220;Centinelas&#8221; contra dos muchachos en una cafeter\u00eda de la capital.<br \/>M\u00e1s tarde, usuarios de Twitter difundieron un video en el que puede verse la agresi\u00f3n contra una pareja de novios en una cafeter\u00eda Starbucks.<br \/>Seg\u00fan informaci\u00f3n de Foro TV, padres de familia identifican a &#8220;Los Centinelas&#8221; como &#8220;estudiantes de escuelas particulares de la zona sur de la Ciudad de M\u00e9xico que act\u00faan en cafeter\u00edas, helader\u00edas y sitios de inter\u00e9s&#8221;.<br \/>Ciudadanos tambi\u00e9n advirtieron la existencia de otros grupos de &#8220;ni\u00f1os bien&#8221; violentos que responden a los nombres de &#8220;Dream Team&#8221;, &#8220;Sky Ria&#8221;, &#8220;La Zata&#8221;, &#8220;Los Vales&#8221; y &#8220;CBR&#8221;.<br \/>En Foro TV tambi\u00e9n se inform\u00f3 que uno de los agresores filmados es conocido como &#8220;Brandy&#8221;.<br \/>Estudiantes de escuelas particulares de la zona sur de la Ciudad de M\u00e9xico que act\u00faan en cafeter\u00edas, helader\u00edas y sitios de inter\u00e9s.<br \/>V\u00edctor Hugo Ramos, jefe del Estado Mayor Policial de la Secretar\u00eda de Seguridad P\u00fablica capitalina se\u00f1al\u00f3 que &#8220;Los Centinelas&#8221; son &#8220;menores&#8221; y pidi\u00f3 a los ciudadanos denunciar si son v\u00edctimas o testigos de alg\u00fan acontecimiento similar.<\/p>\n","protected":false},"excerpt":{"rendered":"<p>CIUDAD DE M\u00c9XICO<\/p>\n","protected":false},"author":93,"featured_media":0,"comment_status":"open","ping_status":"open","sticky":false,"template":"","format":"standard","meta":{"footnotes":""},"categories":[37],"tags":[],"class_list":["post-38734","post","type-post","status-publish","format-standard","hentry","category-barandilla"],"_links":{"self":[{"href":"https:\/\/plazajuarez.mx\/historico\/wp-json\/wp\/v2\/posts\/38734","targetHints":{"allow":["GET"]}}],"collection":[{"href":"https:\/\/plazajuarez.mx\/historico\/wp-json\/wp\/v2\/posts"}],"about":[{"href":"https:\/\/plazajuarez.mx\/historico\/wp-json\/wp\/v2\/types\/post"}],"author":[{"embeddable":true,"href":"https:\/\/plazajuarez.mx\/historico\/wp-json\/wp\/v2\/users\/93"}],"replies":[{"embeddable":true,"href":"https:\/\/plazajuarez.mx\/historico\/wp-json\/wp\/v2\/comments?post=38734"}],"version-history":[{"count":0,"href":"https:\/\/plazajuarez.mx\/historico\/wp-json\/wp\/v2\/posts\/38734\/revisions"}],"wp:attachment":[{"href":"https:\/\/plazajuarez.mx\/historico\/wp-json\/wp\/v2\/media?parent=38734"}],"wp:term":[{"taxonomy":"category","embeddable":true,"href":"https:\/\/plazajuarez.mx\/historico\/wp-json\/wp\/v2\/categories?post=38734"},{"taxonomy":"post_tag","embeddable":true,"href":"https:\/\/plazajuarez.mx\/historico\/wp-json\/wp\/v2\/tags?post=38734"}],"curies":[{"name":"wp","href":"https:\/\/api.w.org\/{rel}","templated":true}]}}