{"id":38733,"date":"2017-03-28T13:52:40","date_gmt":"2017-03-28T13:52:40","guid":{"rendered":"http:\/\/plazajuarez.mx\/index\/index.php\/2017\/03\/28\/piden-a-scjn-no-afectar-derechos-de-capitalinos\/"},"modified":"2017-03-28T13:52:40","modified_gmt":"2017-03-28T13:52:40","slug":"piden-a-scjn-no-afectar-derechos-de-capitalinos","status":"publish","type":"post","link":"https:\/\/plazajuarez.mx\/historico\/piden-a-scjn-no-afectar-derechos-de-capitalinos\/","title":{"rendered":"Piden a SCJN no afectar derechos de capitalinos"},"content":{"rendered":"<p>Todo mundo quiere meter mano a su Constituci\u00f3n<\/p>\n<p>  <!--more-->  <\/p>\n<p>Acusaron que las impugnaciones que deber\u00e1 revisar la Corte contra la Carta Magna capitalina pretenden echar abajo los derechos sociales conquistados<br \/>Integrantes de Morena, la Asamblea Legislativa Local y del Constituyente solicitaron a la Suprema Corte que no se afecten los derechos de los capitalinos reconocidos en la Constituci\u00f3n de la Ciudad de M\u00e9xico.<br \/>Durante un mitin encabezado por el presidente de Morena en la CDMX, Mart\u00ed Batres, acusaron que las impugnaciones que deber\u00e1 revisar la Corte contra la Carta Magna capitalina pretenden echar abajo los derechos sociales que han sido aprobados en leyes locales desde hace m\u00e1s de 15 a\u00f1os, como los matrimonios igualitarios.<br \/>\u201cSer\u00eda absurdo que la Constituci\u00f3n CDMX, despu\u00e9s de una revisi\u00f3n quedara por debajo de las leyes locales que han sido aprobadas desde hace m\u00e1s de 15 a\u00f1os\u201d, afirm\u00f3 Batres.<br \/>\u201cA\u00fan sin constituci\u00f3n, en la Ciudad de M\u00e9xico ya hay derechos sociales, universales y ciudadanos\u201d.<br \/>Consider\u00f3 que para resolver las impugnaciones, el M\u00e1ximo Tribunal debe apoyarse en el principio de progresividad que indica que las leyes pueden ser modificadas o creadas siempre que tiendan a ampliar los derechos humanos.<br \/>Por ello, solicitaron tambi\u00e9n que la Corte tenga como terceros interesados a Morena en la CDMX y como codemandados a los integrantes del Constituyente para que sean ellos, y no la Asamblea Legislativa local, quienes encabecen la defensa legal del texto.<\/p>\n","protected":false},"excerpt":{"rendered":"<p>Todo mundo quiere meter mano a su Constituci\u00f3n<\/p>\n","protected":false},"author":93,"featured_media":0,"comment_status":"open","ping_status":"open","sticky":false,"template":"","format":"standard","meta":{"footnotes":""},"categories":[36],"tags":[],"class_list":["post-38733","post","type-post","status-publish","format-standard","hentry","category-nacion"],"_links":{"self":[{"href":"https:\/\/plazajuarez.mx\/historico\/wp-json\/wp\/v2\/posts\/38733","targetHints":{"allow":["GET"]}}],"collection":[{"href":"https:\/\/plazajuarez.mx\/historico\/wp-json\/wp\/v2\/posts"}],"about":[{"href":"https:\/\/plazajuarez.mx\/historico\/wp-json\/wp\/v2\/types\/post"}],"author":[{"embeddable":true,"href":"https:\/\/plazajuarez.mx\/historico\/wp-json\/wp\/v2\/users\/93"}],"replies":[{"embeddable":true,"href":"https:\/\/plazajuarez.mx\/historico\/wp-json\/wp\/v2\/comments?post=38733"}],"version-history":[{"count":0,"href":"https:\/\/plazajuarez.mx\/historico\/wp-json\/wp\/v2\/posts\/38733\/revisions"}],"wp:attachment":[{"href":"https:\/\/plazajuarez.mx\/historico\/wp-json\/wp\/v2\/media?parent=38733"}],"wp:term":[{"taxonomy":"category","embeddable":true,"href":"https:\/\/plazajuarez.mx\/historico\/wp-json\/wp\/v2\/categories?post=38733"},{"taxonomy":"post_tag","embeddable":true,"href":"https:\/\/plazajuarez.mx\/historico\/wp-json\/wp\/v2\/tags?post=38733"}],"curies":[{"name":"wp","href":"https:\/\/api.w.org\/{rel}","templated":true}]}}