{"id":38732,"date":"2017-03-28T13:52:12","date_gmt":"2017-03-28T13:52:12","guid":{"rendered":"http:\/\/plazajuarez.mx\/index\/index.php\/2017\/03\/28\/ya-es-justo-dar-marco-legal-a-fuerzas-armadas-eruviel-avila\/"},"modified":"2017-03-28T13:52:12","modified_gmt":"2017-03-28T13:52:12","slug":"ya-es-justo-dar-marco-legal-a-fuerzas-armadas-eruviel-avila","status":"publish","type":"post","link":"https:\/\/plazajuarez.mx\/historico\/ya-es-justo-dar-marco-legal-a-fuerzas-armadas-eruviel-avila\/","title":{"rendered":"\u201cYa es justo\u201d dar marco legal a Fuerzas Armadas: Eruviel \u00c1vila"},"content":{"rendered":"<p>\u00a0Tambi\u00e9n se lanza contra AMLO<\/p>\n<p>  <!--more-->  <\/p>\n<p>Ante el secretario de Marina, almirante Vidal Francisco Sober\u00f3n Sanz, el gobernador del estado de M\u00e9xico, Eruviel \u00c1vila, hizo un llamado al Congreso de la Uni\u00f3n a aprobar la ley de seguridad interior, que requieren las Fuerzas Armadas; \u201cya es justo\u201d que le demostremos nuestra gratitud a nuestras Fuerzas Armadas y las dotemos del marco legal que requieren.<br \/>\u201cLamento mucho que haya un doble discurso, que mientras algunos (legisladores) dicen s\u00ed, s\u00ed hay que apoyar a nuestras Fuerzas Armadas, en los hechos, las comisiones legislativas parecieran hacer todo lo contrario\u201d.<br \/>Eruviel \u00c1vila tambi\u00e9n hizo referencia a las cr\u00edticas del l\u00edder de Morena, Andr\u00e9s Manuel L\u00f3pez Obrador, sobre presuntas violaciones a los derechos humanos por parte de los militares. Al respecto el mandatario se\u00f1al\u00f3 que \u201cquienes denostan a la Marina y el Ej\u00e9rcito, sin pensar ni conocer a las Fuerzas Armadas, lastiman no s\u00f3lo a la Armada y al Ej\u00e9rcito, sino a todo M\u00e9xico\u201d.<br \/>Muere ex esposa de Eruviel \u00c1vila <br \/>El gobernador del Estado de M\u00e9xico, Eruviel \u00c1vila, agradeci\u00f3 las muestras de cari\u00f1o y apoyo tras el fallecimiento de su exesposa y madre de sus hijos.<br \/>Grimy Mu\u00f1oz Tovar, de 47 a\u00f1os, falleci\u00f3 la madrugada del domingo de neumon\u00eda.<br \/>La noticia de la muerte de la abogada fue confirmada por el mismo \u00c1vila en su cuenta de Twitter.<br \/>Diversas figuras de la pol\u00edtica se lanzaron en muestras de apoyo al pri\u00edsta, destacando el mensaje de Enrique Pe\u00f1a Nieto, presidente de M\u00e9xico.<br \/>&#8220;Muchas gracias a todos por sus mensajes; en especial por la solidaridad con mis hijos&#8221;, tuite\u00f3 el pol\u00edtico. o.<\/p>\n","protected":false},"excerpt":{"rendered":"<p>\u00a0Tambi\u00e9n se lanza contra AMLO<\/p>\n","protected":false},"author":93,"featured_media":0,"comment_status":"open","ping_status":"open","sticky":false,"template":"","format":"standard","meta":{"footnotes":""},"categories":[36],"tags":[],"class_list":["post-38732","post","type-post","status-publish","format-standard","hentry","category-nacion"],"_links":{"self":[{"href":"https:\/\/plazajuarez.mx\/historico\/wp-json\/wp\/v2\/posts\/38732","targetHints":{"allow":["GET"]}}],"collection":[{"href":"https:\/\/plazajuarez.mx\/historico\/wp-json\/wp\/v2\/posts"}],"about":[{"href":"https:\/\/plazajuarez.mx\/historico\/wp-json\/wp\/v2\/types\/post"}],"author":[{"embeddable":true,"href":"https:\/\/plazajuarez.mx\/historico\/wp-json\/wp\/v2\/users\/93"}],"replies":[{"embeddable":true,"href":"https:\/\/plazajuarez.mx\/historico\/wp-json\/wp\/v2\/comments?post=38732"}],"version-history":[{"count":0,"href":"https:\/\/plazajuarez.mx\/historico\/wp-json\/wp\/v2\/posts\/38732\/revisions"}],"wp:attachment":[{"href":"https:\/\/plazajuarez.mx\/historico\/wp-json\/wp\/v2\/media?parent=38732"}],"wp:term":[{"taxonomy":"category","embeddable":true,"href":"https:\/\/plazajuarez.mx\/historico\/wp-json\/wp\/v2\/categories?post=38732"},{"taxonomy":"post_tag","embeddable":true,"href":"https:\/\/plazajuarez.mx\/historico\/wp-json\/wp\/v2\/tags?post=38732"}],"curies":[{"name":"wp","href":"https:\/\/api.w.org\/{rel}","templated":true}]}}