{"id":38730,"date":"2017-03-28T13:51:36","date_gmt":"2017-03-28T13:51:36","guid":{"rendered":"http:\/\/plazajuarez.mx\/index\/index.php\/2017\/03\/28\/impugnaciones-a-constitucion-litigio-ideologico\/"},"modified":"2017-03-28T13:51:36","modified_gmt":"2017-03-28T13:51:36","slug":"impugnaciones-a-constitucion-litigio-ideologico","status":"publish","type":"post","link":"https:\/\/plazajuarez.mx\/historico\/impugnaciones-a-constitucion-litigio-ideologico\/","title":{"rendered":"Impugnaciones a Constituci\u00f3n, litigio ideol\u00f3gico"},"content":{"rendered":"<p>\u201cPonen en riesgo las elecciones\u201d<\/p>\n<p>  <!--more-->  <\/p>\n<p>El senador de la Rep\u00fablica y ex presidente de la Mesa Directiva de la Asamblea Constituyente, Alejandro Encinas, asegur\u00f3 que con las impugnaciones a la Constituci\u00f3n de la Ciudad de M\u00e9xico &#8220;no estamos frente a un litigio judicial, sino frente a un litigio pol\u00edtico e ideol\u00f3gico&#8221;.<br \/>Al participar en un evento organizado por la Universidad Aut\u00f3noma Metropolitana (UAM), manifest\u00f3 que la situaci\u00f3n es tal que si llegan a fructificar esos recursos legales interpuestos ante la Suprema Corte de Justicia de la Naci\u00f3n\u00a0 (SCJN)\u00a0 &#8220;podr\u00edan estar en riesgo las votaciones&#8221; del pr\u00f3ximo a\u00f1o en esta capital, sobre todo porque en ese texto m\u00e1ximo se establecen los mecanismos para elegir a los futuros alcaldes, hoy jefes delegacionales.<br \/>Encinas Rodr\u00edguez destac\u00f3 que si bien varias instituciones o dependencias presentaron acciones de inconstitucionalidad o controversias constitucionales, la que m\u00e1s preocupa es la que formaliz\u00f3 la Procuradur\u00eda General de la Rep\u00fablica (PGR), pues tiene varios errores.<br \/>Consider\u00f3 que esa instituci\u00f3n elabor\u00f3 &#8220;con premeditaci\u00f3n&#8221; su recurso de impugnaci\u00f3n, pues se ve que algunos argumentos los hicieron con base en el proyecto de Carta Magna y no en el documento final.<\/p>\n","protected":false},"excerpt":{"rendered":"<p>\u201cPonen en riesgo las elecciones\u201d<\/p>\n","protected":false},"author":93,"featured_media":0,"comment_status":"open","ping_status":"open","sticky":false,"template":"","format":"standard","meta":{"footnotes":""},"categories":[36],"tags":[],"class_list":["post-38730","post","type-post","status-publish","format-standard","hentry","category-nacion"],"_links":{"self":[{"href":"https:\/\/plazajuarez.mx\/historico\/wp-json\/wp\/v2\/posts\/38730","targetHints":{"allow":["GET"]}}],"collection":[{"href":"https:\/\/plazajuarez.mx\/historico\/wp-json\/wp\/v2\/posts"}],"about":[{"href":"https:\/\/plazajuarez.mx\/historico\/wp-json\/wp\/v2\/types\/post"}],"author":[{"embeddable":true,"href":"https:\/\/plazajuarez.mx\/historico\/wp-json\/wp\/v2\/users\/93"}],"replies":[{"embeddable":true,"href":"https:\/\/plazajuarez.mx\/historico\/wp-json\/wp\/v2\/comments?post=38730"}],"version-history":[{"count":0,"href":"https:\/\/plazajuarez.mx\/historico\/wp-json\/wp\/v2\/posts\/38730\/revisions"}],"wp:attachment":[{"href":"https:\/\/plazajuarez.mx\/historico\/wp-json\/wp\/v2\/media?parent=38730"}],"wp:term":[{"taxonomy":"category","embeddable":true,"href":"https:\/\/plazajuarez.mx\/historico\/wp-json\/wp\/v2\/categories?post=38730"},{"taxonomy":"post_tag","embeddable":true,"href":"https:\/\/plazajuarez.mx\/historico\/wp-json\/wp\/v2\/tags?post=38730"}],"curies":[{"name":"wp","href":"https:\/\/api.w.org\/{rel}","templated":true}]}}