{"id":38729,"date":"2017-03-28T13:50:32","date_gmt":"2017-03-28T13:50:32","guid":{"rendered":"http:\/\/plazajuarez.mx\/index\/index.php\/2017\/03\/28\/investigan-a-familia-vazquez-mota-por-lavado\/"},"modified":"2017-03-28T13:50:32","modified_gmt":"2017-03-28T13:50:32","slug":"investigan-a-familia-vazquez-mota-por-lavado","status":"publish","type":"post","link":"https:\/\/plazajuarez.mx\/historico\/investigan-a-familia-vazquez-mota-por-lavado\/","title":{"rendered":"Investigan a familia V\u00e1zquez Mota por \u201clavado\u201d"},"content":{"rendered":"<p>Dura la guerra sucia en Edomex<\/p>\n<p>  <!--more-->  <\/p>\n<p>Recibi\u00f3 17 mdp de empresas que son indagadas; padre y seis hermanos de Josefina, implicados <br \/>La familia de la candidata del PAN a la gubernatura del Estado de M\u00e9xico, Josefina V\u00e1zquez Mota, es investigada por la PGR por haber recibido 17 millones de pesos de empresas que son indagadas por \u201clavado\u201d de dinero.<br \/>Se trata de su padre Arnulfo V\u00e1zquez Mota y seis de los hermanos de la panista, entre ellos Luis Antonio V\u00e1zquez Mota, director de Comex, donde la ex candidata presidencial es accionista, quienes en 2013 recibieron recursos de empresas denunciadas por Hacienda ante la Unidad Especializada en Operaciones con Recursos de Procedencia Il\u00edcita de la PGR, por el trasiego de m\u00e1s de 400 millones de pesos de presunto origen il\u00edcito.<br \/>EDOMEX, EL M\u00c1S DENUNCIADO POR COMPRA DE VOTO <br \/>En el actual proceso electoral la entidad m\u00e1s denunciada es el Estado de M\u00e9xico por la compra del voto y condicionamiento de programas sociales. La Fiscal\u00eda Especializada para la Atenci\u00f3n de delitos Electorales se\u00f1al\u00f3 que del 1 de septiembre de 2016 al 24 de marzo de este a\u00f1o inici\u00f3 2 mil 129 expedientes de los cuales 462 fueron cometidos en Coahuila; Nayarit y los estados antes mencionados y que podr\u00edan constituir delitos electorales.<br \/>MINISTROS CONCLUYEN DISCUSI\u00d3N SOBRE \u201cLEY ATENCO\u201d<br \/>Los ministros de la Suprema Corte de Justicia de la Naci\u00f3n (SCJN) concluyeron ayer la discusi\u00f3n sobre la llamada &#8220;Ley Atenco&#8221;. Con la invalidez de algunas porciones normativas, los integrantes del Pleno de la Corte resolvieron las impugnaciones contra la Ley que Regula el Uso de la Fuerza en el Estado de M\u00e9xico.<br \/>Durante la sesi\u00f3n de ayer, los ministros votaron a favor de las \u00faltimas consideraciones del proyecto realizado por el ministro Alberto P\u00e9rez Day\u00e1n, entre las que destaca que se invalid\u00f3 la posibilidad de utilizar como primera opci\u00f3n la fuerza p\u00fablica para disolver manifestaciones sociales. El Pleno orden\u00f3 notificar al Congreso del Estado de M\u00e9xico del fallo en el que declar\u00f3 nulos los art\u00edculos 12, 24, 25 y 26 por invasi\u00f3n de competencia federal y el art\u00edculo 40.<\/p>\n","protected":false},"excerpt":{"rendered":"<p>Dura la guerra sucia en Edomex<\/p>\n","protected":false},"author":93,"featured_media":0,"comment_status":"open","ping_status":"open","sticky":false,"template":"","format":"standard","meta":{"footnotes":""},"categories":[36],"tags":[],"class_list":["post-38729","post","type-post","status-publish","format-standard","hentry","category-nacion"],"_links":{"self":[{"href":"https:\/\/plazajuarez.mx\/historico\/wp-json\/wp\/v2\/posts\/38729","targetHints":{"allow":["GET"]}}],"collection":[{"href":"https:\/\/plazajuarez.mx\/historico\/wp-json\/wp\/v2\/posts"}],"about":[{"href":"https:\/\/plazajuarez.mx\/historico\/wp-json\/wp\/v2\/types\/post"}],"author":[{"embeddable":true,"href":"https:\/\/plazajuarez.mx\/historico\/wp-json\/wp\/v2\/users\/93"}],"replies":[{"embeddable":true,"href":"https:\/\/plazajuarez.mx\/historico\/wp-json\/wp\/v2\/comments?post=38729"}],"version-history":[{"count":0,"href":"https:\/\/plazajuarez.mx\/historico\/wp-json\/wp\/v2\/posts\/38729\/revisions"}],"wp:attachment":[{"href":"https:\/\/plazajuarez.mx\/historico\/wp-json\/wp\/v2\/media?parent=38729"}],"wp:term":[{"taxonomy":"category","embeddable":true,"href":"https:\/\/plazajuarez.mx\/historico\/wp-json\/wp\/v2\/categories?post=38729"},{"taxonomy":"post_tag","embeddable":true,"href":"https:\/\/plazajuarez.mx\/historico\/wp-json\/wp\/v2\/tags?post=38729"}],"curies":[{"name":"wp","href":"https:\/\/api.w.org\/{rel}","templated":true}]}}