{"id":38727,"date":"2017-03-28T13:49:40","date_gmt":"2017-03-28T13:49:40","guid":{"rendered":"http:\/\/plazajuarez.mx\/index\/index.php\/2017\/03\/28\/senado-de-eu-investiga-a-yerno-de-trump-por-su-relacion-con-rusia\/"},"modified":"2017-03-28T13:49:40","modified_gmt":"2017-03-28T13:49:40","slug":"senado-de-eu-investiga-a-yerno-de-trump-por-su-relacion-con-rusia","status":"publish","type":"post","link":"https:\/\/plazajuarez.mx\/historico\/senado-de-eu-investiga-a-yerno-de-trump-por-su-relacion-con-rusia\/","title":{"rendered":"Senado de EU investiga a yerno de Trump por su relaci\u00f3n con Rusia"},"content":{"rendered":"<p>Asegura The New York Times<\/p>\n<p>  <!--more-->  <\/p>\n<p>El yerno de Donald Trump tambi\u00e9n se reuni\u00f3 con el embajador ruso <br \/>Inteligencia ha concluido que Mosc\u00fa orquest\u00f3 el &#8216;hackeo&#8217; a los grupos del Partido Dem\u00f3crata durante la campa\u00f1a y que hizo p\u00fablica informaci\u00f3n robada para beneficiar a Trump. Al menos cuatro comit\u00e9s del Congreso, seg\u00fan Reuters, est\u00e1n investigando las posibles relaciones de los intentos rusos por influenciar el voto. El director del FBI, James Comey, confirm\u00f3 la investigaci\u00f3n a la agencia la semana pasada.<br \/>El yerno de Trump, Jared Kushner, fue llamado a testificar ante el Senado de EU por sus v\u00ednculos con Rusia, seg\u00fan adelant\u00f3 The New York Times. <br \/>Kushner, que es la persona m\u00e1s influyente en la Casa Blanca de Trump, ha ocultado que se reuni\u00f3 con el embajador ruso, Sergey Kilsyak, y con Sergey Gorlovka, el presidente del Vnesheconombank (VEB), un banco propiedad del Estado ruso que ha sido acusado de actuar como tapadera de los dos principales servicios de espionaje de ese pa\u00eds, el FSB y el SVR. <br \/>El VEB est\u00e1 sometido a sanciones en EU a ra\u00edz de la anexi\u00f3n de la pen\u00ednsula de Crimea, en Ucrania, por Rusia, y la posterior intervenci\u00f3n de Mosc\u00fa en favor de los separatistas del Este de ese pa\u00eds en 2015. <br \/>Hasta ahora, la Casa Blanca s\u00f3lo hab\u00eda admitido una reuni\u00f3n entre Kushner y Kilsyak. Fue en diciembre, en la Torre Trump de Nueva York, y en ella estuvo presente el general retirado Michael Flynn, que tuvo que dimitir de su cargo de consejero de Seguridad Nacional precisamente por sus v\u00ednculos con Mosc\u00fa. Por ahora no hay fecha para la comparecencia de Kushner. Otro colaborador de Trump que tambi\u00e9n va a prestar declaraci\u00f3n por sus v\u00ednculos con Rusia es su ex jefe de campa\u00f1a, David Manafort. <br \/>Los republicanos del Senado han protegido a Trump y a su equipo bloqueando la constituci\u00f3n de un grupo especial que examine la conexi\u00f3n entre el equipo del presidente y Rusia. El FBI, sin embargo, s\u00ed est\u00e1 investig\u00e1ndolo.<\/p>\n","protected":false},"excerpt":{"rendered":"<p>Asegura The New York Times<\/p>\n","protected":false},"author":93,"featured_media":0,"comment_status":"open","ping_status":"open","sticky":false,"template":"","format":"standard","meta":{"footnotes":""},"categories":[31],"tags":[],"class_list":["post-38727","post","type-post","status-publish","format-standard","hentry","category-orbe"],"_links":{"self":[{"href":"https:\/\/plazajuarez.mx\/historico\/wp-json\/wp\/v2\/posts\/38727","targetHints":{"allow":["GET"]}}],"collection":[{"href":"https:\/\/plazajuarez.mx\/historico\/wp-json\/wp\/v2\/posts"}],"about":[{"href":"https:\/\/plazajuarez.mx\/historico\/wp-json\/wp\/v2\/types\/post"}],"author":[{"embeddable":true,"href":"https:\/\/plazajuarez.mx\/historico\/wp-json\/wp\/v2\/users\/93"}],"replies":[{"embeddable":true,"href":"https:\/\/plazajuarez.mx\/historico\/wp-json\/wp\/v2\/comments?post=38727"}],"version-history":[{"count":0,"href":"https:\/\/plazajuarez.mx\/historico\/wp-json\/wp\/v2\/posts\/38727\/revisions"}],"wp:attachment":[{"href":"https:\/\/plazajuarez.mx\/historico\/wp-json\/wp\/v2\/media?parent=38727"}],"wp:term":[{"taxonomy":"category","embeddable":true,"href":"https:\/\/plazajuarez.mx\/historico\/wp-json\/wp\/v2\/categories?post=38727"},{"taxonomy":"post_tag","embeddable":true,"href":"https:\/\/plazajuarez.mx\/historico\/wp-json\/wp\/v2\/tags?post=38727"}],"curies":[{"name":"wp","href":"https:\/\/api.w.org\/{rel}","templated":true}]}}