{"id":38709,"date":"2017-03-27T21:49:16","date_gmt":"2017-03-27T21:49:16","guid":{"rendered":"http:\/\/plazajuarez.mx\/index\/index.php\/2017\/03\/27\/afrodescendientes-carecen-de-reconocimiento-constitucional-conapred\/"},"modified":"2017-03-27T21:49:16","modified_gmt":"2017-03-27T21:49:16","slug":"afrodescendientes-carecen-de-reconocimiento-constitucional-conapred","status":"publish","type":"post","link":"https:\/\/plazajuarez.mx\/historico\/afrodescendientes-carecen-de-reconocimiento-constitucional-conapred\/","title":{"rendered":"Afrodescendientes carecen de reconocimiento constitucional: Conapred"},"content":{"rendered":"<p class=\"MsoNormal\" style=\"text-align: justify;\">En M\u00e9xico, la poblaci\u00f3n afrodescendiente sufre discriminaci\u00f3n \u201cestructural\u201d al carecer de reconocimiento constitucional y ser la que tiene menor acceso al cumplimiento de derechos humanos como acceso a servicios de salud y educaci\u00f3n.<\/p>\n<p>  <!--more-->  <\/p>\n<p class=\"MsoNormal\" style=\"text-align: justify;\">A pesar de no ser una poblaci\u00f3n tan peque\u00f1a como se esperaba, los afromexicanos han sufrido una discriminaci\u00f3n estructural de manera reiterada en el tiempo, misma que se expresa en la falta de pol\u00edtica p\u00fablica dirigida a este sector de la poblaci\u00f3n e inclusive en la manera en que son representados en los libros de texto, por medio de caracterizaciones.<\/p>\n<p class=\"MsoNormal\" style=\"text-align: justify;\">\u201cCuando hacemos el an\u00e1lisis y nos damos cuenta de que salen por debajo de la media nacional en analfabetismo, en cobertura de salud en el IMSS y del ISSSTE, servicios sanitarios y agua entubada, nos damos cuenta de que la discriminaci\u00f3n estructural se da no necesariamente porque una persona quiera discriminar a otra de manera voluntaria: se da reiteradamente en el tiempo\u201d, dijo Alejandra Haas, titular del Consejo Nacional para Prevenir la Discriminaci\u00f3n (Conapred).<\/p>\n<p class=\"MsoNormal\" style=\"text-align: justify;\">Durante la presentaci\u00f3n del estudio \u201cPerfil sociodemogr\u00e1fico de la poblaci\u00f3n afrodescendiente en M\u00e9xico\u201d, que elaboraron el Instituto Nacional de Estad\u00edstica y Geograf\u00eda (Inegi), la Comisi\u00f3n Nacional de Derechos Humanos (CNDH) y el Consejo Nacional para Prevenir la Discriminaci\u00f3n (Conapred) se dio a conocer que en M\u00e9xico viven un mill\u00f3n 381 mil 853 personas que se reconocen como afrodescendientes.<\/p>\n<p class=\"MsoNormal\" style=\"text-align: justify;\">Ellos representan 1.2% de la poblaci\u00f3n total del pa\u00eds. Guerrero es la entidad que tiene la mayor proporci\u00f3n de afrodescendientes, con 6.5 por ciento; le siguen Oaxaca con 4.9% y Veracruz de Ignacio de la Llave que registr\u00f3 3.3 por ciento.<\/p>\n<p class=\"MsoNormal\" style=\"text-align: justify;\">Esta poblaci\u00f3n es la que sufre mayor discriminaci\u00f3n y obst\u00e1culos para el ejercicio de derechos b\u00e1sicos, como acceso a servicios de salud y educativos; uno de los grandes obst\u00e1culos que enfrentan estas poblaciones est\u00e1 relacionado con que no existe reconocimiento constitucional de esta minor\u00eda \u00e9tnica.<\/p>\n<p class=\"MsoNormal\" style=\"text-align: justify;\">El analfabetismo de la poblaci\u00f3n de 15 a\u00f1os y m\u00e1s que se considera afrodescendiente, es de 15.7% en los 100 municipios seleccionados donde al menos el 10% de su poblaci\u00f3n se considera afrodescendiente; en comparaci\u00f3n, en la poblaci\u00f3n nacional, representa s\u00f3lo el 5.5%.<\/p>\n<p class=\"MsoNormal\" style=\"text-align: justify;\">En relaci\u00f3n a servicios de salud, el porcentaje de la poblaci\u00f3n que est\u00e1 afiliada en el Seguro Popular a nivel nacional es de 41%, en tanto que la afrodescendiente es del 43% y en los municipios seleccionados el porcentaje es del 76%.<\/p>\n","protected":false},"excerpt":{"rendered":"<p>En M\u00e9xico, la poblaci\u00f3n afrodescendiente sufre discriminaci\u00f3n \u201cestructural\u201d al carecer de reconocimiento constitucional y ser la que tiene menor acceso al cumplimiento de derechos humanos como acceso a servicios de salud y educaci\u00f3n.<\/p>\n","protected":false},"author":6,"featured_media":0,"comment_status":"open","ping_status":"open","sticky":false,"template":"","format":"standard","meta":{"footnotes":""},"categories":[36],"tags":[],"class_list":["post-38709","post","type-post","status-publish","format-standard","hentry","category-nacion"],"_links":{"self":[{"href":"https:\/\/plazajuarez.mx\/historico\/wp-json\/wp\/v2\/posts\/38709","targetHints":{"allow":["GET"]}}],"collection":[{"href":"https:\/\/plazajuarez.mx\/historico\/wp-json\/wp\/v2\/posts"}],"about":[{"href":"https:\/\/plazajuarez.mx\/historico\/wp-json\/wp\/v2\/types\/post"}],"author":[{"embeddable":true,"href":"https:\/\/plazajuarez.mx\/historico\/wp-json\/wp\/v2\/users\/6"}],"replies":[{"embeddable":true,"href":"https:\/\/plazajuarez.mx\/historico\/wp-json\/wp\/v2\/comments?post=38709"}],"version-history":[{"count":0,"href":"https:\/\/plazajuarez.mx\/historico\/wp-json\/wp\/v2\/posts\/38709\/revisions"}],"wp:attachment":[{"href":"https:\/\/plazajuarez.mx\/historico\/wp-json\/wp\/v2\/media?parent=38709"}],"wp:term":[{"taxonomy":"category","embeddable":true,"href":"https:\/\/plazajuarez.mx\/historico\/wp-json\/wp\/v2\/categories?post=38709"},{"taxonomy":"post_tag","embeddable":true,"href":"https:\/\/plazajuarez.mx\/historico\/wp-json\/wp\/v2\/tags?post=38709"}],"curies":[{"name":"wp","href":"https:\/\/api.w.org\/{rel}","templated":true}]}}