{"id":387,"date":"2015-02-07T06:00:00","date_gmt":"2015-02-07T06:00:00","guid":{"rendered":"http:\/\/plazajuarez.mx\/index\/index.php\/2015\/02\/07\/no-renunciare-al-prd-diana-marroquin\/"},"modified":"2015-02-07T06:00:00","modified_gmt":"2015-02-07T06:00:00","slug":"no-renunciare-al-prd-diana-marroquin","status":"publish","type":"post","link":"https:\/\/plazajuarez.mx\/historico\/no-renunciare-al-prd-diana-marroquin\/","title":{"rendered":"No renunciar\u00e9 al PRD: Diana Marroqu\u00edn"},"content":{"rendered":"<p><strong><span style=\"font-family: verdana, geneva; font-size: 10pt;\">Luego de haber acudido a la toma de posesi\u00f3n de la nueva dirigencia del Partido Acci\u00f3n Nacional (PAN) que encabeza Asael Hern\u00e1ndez Cer\u00f3n, y de haber declarado que cuenta con amigos en dicho partido, Diana Laura Marroqu\u00edn Bayardo, se\u00f1al\u00f3 que hasta el momento no ha pensado en renunciar al Partido de la Revoluci\u00f3n Democr\u00e1tica (PRD) en el que actualmente milita.<\/span><\/strong><\/p>\n<p>  <!--more-->  <\/p>\n<p>\u00a0<\/p>\n<p><span style=\"font-family: verdana, geneva; font-size: 10pt;\">\u00a0<\/span><\/p>\n<p><span style=\"font-family: verdana, geneva; font-size: 10pt;\">Marroqu\u00edn Bayardo se\u00f1al\u00f3 que antes que pensar en renunciar al PRD, se debe pensar en refundarlo, ya que dijo no estar peleada con la ideolog\u00eda del partido, sino con la falta de entereza que han tenido sus \u00faltimos dirigentes y comit\u00e9s, a los cuales calific\u00f3 como una cueva de ladrones y corruptos, ya que en el tiempo en que ha militado en el partido del Sol Azteca s\u00f3lo ha sido objeto de discriminaci\u00f3n, abuso, corrupci\u00f3n y hasta un intento de homicidio.<\/span><\/p>\n<p><span style=\"font-family: verdana, geneva; font-size: 10pt;\">\u00a0<\/span><\/p>\n<p><span style=\"font-family: verdana, geneva; font-size: 10pt;\">Lo anterior recordando la \u201camarga experiencia\u201d que tuvo con la candidatura a diputada federal en el a\u00f1o 2012, de la que hasta ahora seg\u00fan dijo \u201cse comienza\u00a0 a hacer justicia\u201d, sin embargo puntualiz\u00f3 que su salida del PRD no est\u00e1 sobre la mesa, \u201clo que si se tiene que hacer es una refundaci\u00f3n del PRD en Hidalgo\u201d, asever\u00f3.<\/span><\/p>\n<p><span style=\"font-family: verdana, geneva; font-size: 10pt;\">\u00a0<\/span><\/p>\n<p><span style=\"font-family: verdana, geneva; font-size: 10pt;\">Tras ser cuestionada sobre lo cercana que se ha visto a la dirigencia del PAN, la perredista\u00a0 reconoci\u00f3 que tiene varios amigos en la c\u00fapula albiazul, pero que eso no significa que busque en estos momentos pertenecer a dicho partido , y aclar\u00f3 que si acaso llegara a buscar la gubernatura de Hidalgo en las siguientes elecciones, ser\u00eda como candidata ciudadana.<\/span><\/p>\n<p><span style=\"font-family: verdana, geneva; font-size: 10pt;\">\u00a0<\/span><\/p>\n<p><span style=\"font-family: verdana, geneva; font-size: 10pt;\">\u00a0\u201cEn este estado est\u00e1 m\u00e1s que visto que los partidos aunque sean de izquierda se quedan cortos en la acci\u00f3n a lo que pregonan, no hay inclusi\u00f3n, no hay respeto, y si mucha corrupci\u00f3n y discriminaci\u00f3n, por eso en caso de no haber una refundaci\u00f3n del PRD, buscar\u00eda la candidatura ciudadana\u201d, finaliz\u00f3\u201d.<\/span><\/p>\n","protected":false},"excerpt":{"rendered":"<p>Luego de haber acudido a la toma de posesi\u00f3n de la nueva dirigencia del Partido Acci\u00f3n Nacional (PAN) que encabeza Asael Hern\u00e1ndez Cer\u00f3n, y de haber declarado que cuenta con amigos en dicho partido, Diana Laura Marroqu\u00edn Bayardo, se\u00f1al\u00f3 que hasta el momento no ha pensado en renunciar al Partido de la Revoluci\u00f3n Democr\u00e1tica (PRD) [&hellip;]<\/p>\n","protected":false},"author":93,"featured_media":0,"comment_status":"open","ping_status":"open","sticky":false,"template":"","format":"standard","meta":{"footnotes":""},"categories":[59],"tags":[],"class_list":["post-387","post","type-post","status-publish","format-standard","hentry","category-general"],"_links":{"self":[{"href":"https:\/\/plazajuarez.mx\/historico\/wp-json\/wp\/v2\/posts\/387","targetHints":{"allow":["GET"]}}],"collection":[{"href":"https:\/\/plazajuarez.mx\/historico\/wp-json\/wp\/v2\/posts"}],"about":[{"href":"https:\/\/plazajuarez.mx\/historico\/wp-json\/wp\/v2\/types\/post"}],"author":[{"embeddable":true,"href":"https:\/\/plazajuarez.mx\/historico\/wp-json\/wp\/v2\/users\/93"}],"replies":[{"embeddable":true,"href":"https:\/\/plazajuarez.mx\/historico\/wp-json\/wp\/v2\/comments?post=387"}],"version-history":[{"count":0,"href":"https:\/\/plazajuarez.mx\/historico\/wp-json\/wp\/v2\/posts\/387\/revisions"}],"wp:attachment":[{"href":"https:\/\/plazajuarez.mx\/historico\/wp-json\/wp\/v2\/media?parent=387"}],"wp:term":[{"taxonomy":"category","embeddable":true,"href":"https:\/\/plazajuarez.mx\/historico\/wp-json\/wp\/v2\/categories?post=387"},{"taxonomy":"post_tag","embeddable":true,"href":"https:\/\/plazajuarez.mx\/historico\/wp-json\/wp\/v2\/tags?post=387"}],"curies":[{"name":"wp","href":"https:\/\/api.w.org\/{rel}","templated":true}]}}