{"id":38686,"date":"2017-03-27T04:47:54","date_gmt":"2017-03-27T04:47:54","guid":{"rendered":"http:\/\/plazajuarez.mx\/index\/index.php\/2017\/03\/27\/estudiantes-evaluaran-a-docentes-desde-su-celular\/"},"modified":"2017-03-27T04:47:54","modified_gmt":"2017-03-27T04:47:54","slug":"estudiantes-evaluaran-a-docentes-desde-su-celular","status":"publish","type":"post","link":"https:\/\/plazajuarez.mx\/historico\/estudiantes-evaluaran-a-docentes-desde-su-celular\/","title":{"rendered":"Estudiantes evaluar\u00e1n a docentes desde su celular"},"content":{"rendered":"<p>TULA DE ALLENDE <\/p>\n<p>*La aplicaci\u00f3n desarrollada para el sistema operativo Android, se puso en marcha para el cuatrimestre en curso <\/p>\n<p>  <!--more-->  <\/p>\n<p>Para la Universidad Tecnol\u00f3gica de Tula-Tepeji (UTTT), la mejora constante es parte de la calidad educativa, por lo anterior inform\u00f3 que se desarroll\u00f3 una aplicaci\u00f3n que puede ser instalada en dispositivos m\u00f3viles, y que servir\u00e1 para que toda la comunidad estudiantil pueda realizar la evaluaci\u00f3n de los docentes.<br \/>Dicha aplicaci\u00f3n que se brinda con el sistema operativo Android, se utilizar\u00e1 a partir del cuatrimestre en curso y se denomina \u201cSistema de Evaluaci\u00f3n del Desempe\u00f1o Acad\u00e9mico y Administrativo\u201d (SEDAA-UTTT), mediante el cual los profesores, as\u00ed como los tutores son evaluados por los educandos y los directores de carrera.<br \/>Se inform\u00f3 que lo anterior, est\u00e1 orientado a detectar \u00e1reas de oportunidad en el rubro acad\u00e9mico y establecer estrategias de mejora institucional que permitan brindar al estudiantado, a trav\u00e9s de un modelo educativo por competencias, un proceso de ense\u00f1anza-aprendizaje con calidad.<br \/>La herramienta que utiliza la escala de Likert para efectuar la evaluaci\u00f3n, fue bien recibida por el alumnado, ya que a la fecha se registra un importante incremento en el uso de esta aplicaci\u00f3n, en comparaci\u00f3n con la plataforma del SEDAA\u00a0 ubicada en la p\u00e1gina web institucional.<br \/>Cabe destacar que con esta aplicaci\u00f3n se eval\u00faa la planeaci\u00f3n que el docente tiene para ofrecer la asignatura, la actividad que realiza durante el curso, la manera de aplicar la evaluaci\u00f3n del curso, el saber ser, as\u00ed como sus fortalezas y debilidades.<br \/>Finalmente, la UTTT se\u00f1al\u00f3 que para una casa de estudios, la evaluaci\u00f3n debe ser\u00a0 un instrumento de mejoramiento y toma de decisiones; para considerar pol\u00edticas, procedimientos o reestructuraciones a partir de los desempe\u00f1os observados y esperados.<\/p>\n","protected":false},"excerpt":{"rendered":"<p>TULA DE ALLENDE *La aplicaci\u00f3n desarrollada para el sistema operativo Android, se puso en marcha para el cuatrimestre en curso<\/p>\n","protected":false},"author":93,"featured_media":0,"comment_status":"open","ping_status":"open","sticky":false,"template":"","format":"standard","meta":{"footnotes":""},"categories":[40],"tags":[],"class_list":["post-38686","post","type-post","status-publish","format-standard","hentry","category-region"],"_links":{"self":[{"href":"https:\/\/plazajuarez.mx\/historico\/wp-json\/wp\/v2\/posts\/38686","targetHints":{"allow":["GET"]}}],"collection":[{"href":"https:\/\/plazajuarez.mx\/historico\/wp-json\/wp\/v2\/posts"}],"about":[{"href":"https:\/\/plazajuarez.mx\/historico\/wp-json\/wp\/v2\/types\/post"}],"author":[{"embeddable":true,"href":"https:\/\/plazajuarez.mx\/historico\/wp-json\/wp\/v2\/users\/93"}],"replies":[{"embeddable":true,"href":"https:\/\/plazajuarez.mx\/historico\/wp-json\/wp\/v2\/comments?post=38686"}],"version-history":[{"count":0,"href":"https:\/\/plazajuarez.mx\/historico\/wp-json\/wp\/v2\/posts\/38686\/revisions"}],"wp:attachment":[{"href":"https:\/\/plazajuarez.mx\/historico\/wp-json\/wp\/v2\/media?parent=38686"}],"wp:term":[{"taxonomy":"category","embeddable":true,"href":"https:\/\/plazajuarez.mx\/historico\/wp-json\/wp\/v2\/categories?post=38686"},{"taxonomy":"post_tag","embeddable":true,"href":"https:\/\/plazajuarez.mx\/historico\/wp-json\/wp\/v2\/tags?post=38686"}],"curies":[{"name":"wp","href":"https:\/\/api.w.org\/{rel}","templated":true}]}}