{"id":38667,"date":"2017-03-27T04:28:54","date_gmt":"2017-03-27T04:28:54","guid":{"rendered":"http:\/\/plazajuarez.mx\/index\/index.php\/2017\/03\/27\/reitera-gabinete-de-trump-se-impulsara-impuesto-fronterizo\/"},"modified":"2017-03-27T04:28:54","modified_gmt":"2017-03-27T04:28:54","slug":"reitera-gabinete-de-trump-se-impulsara-impuesto-fronterizo","status":"publish","type":"post","link":"https:\/\/plazajuarez.mx\/historico\/reitera-gabinete-de-trump-se-impulsara-impuesto-fronterizo\/","title":{"rendered":"REITERA GABINETE DE TRUMP: &#8216;SE IMPULSAR\u00c1 IMPUESTO FRONTERIZO&#8217;"},"content":{"rendered":"<p>Reince Priebus, jefe del gabinete, asegur\u00f3 que este impuesto es una manera de &#8216;igualar el terreno de juego entre nuestro pa\u00eds y otros pa\u00edses en el mundo&#8217;<\/p>\n<p>  <!--more-->  <\/p>\n<p>WASHINGTON, ESTADOS UNIDOS.- Reince Priebus, jefe de gabinete del presidente estadunidense Donald Trump, reafirm\u00f3 que la Casa Blanca impulsar\u00e1 un impuesto fronterizo como parte de su proyecto de reforma fiscal, pese a la controversia surgida en torno a su implementaci\u00f3n.<br \/>En una entrevista transmitida este domingo por el canal Fox, Priebus asegur\u00f3 que el impuesto fronterizo es una manera de \u201cigualar el terreno de juego entre nuestro pa\u00eds y otros pa\u00edses en el mundo\u201d.<br \/>Esa propuesta fue ideada por el gobierno del presidente Trump como una manera de compensar la baja en ingresos derivada de los recortes fiscales contenidos en una reforma tributaria.<br \/>Expertos han se\u00f1alado que otros pa\u00edses reaccionar\u00edan a ese gravamen con la imposici\u00f3n de sus propias tarifas a productos estadunidenses, lo que afectar\u00eda las exportaciones de este pa\u00eds.<br \/>Asimismo, un impuesto a productos importados finalmente ser\u00eda asumido por el consumidor final en Estados Unidos, de acuerdo con an\u00e1lisis del sector del comercio minorista.<\/p>\n<p>No obstante, Priebus sostuvo este domingo que este impuesto ser\u00eda parte de un paquete para reducir la carga fiscal a los estadunidenses, incluso a la clase media, lo que podr\u00eda ayudar a que la reforma sumara el apoyo de legisladores dem\u00f3cratas.<br \/>La reforma tendr\u00eda apoyo de ambos partidos si \u201cpodemos proporcionar uno de los mayores recortes de impuestos a la clase media en la historia de este pa\u00eds\u201d, expres\u00f3 el funcionario.<br \/>Sin embargo, el republicano Mark Meadows, l\u00edder del llamado C\u00f3nclave de la Libertad, que re\u00fane a los republicanos m\u00e1s conservadores y recalcitrantes en el Congreso de Estados Unidos, determin\u00f3 que su grupo a\u00fan no ha tomado \u201cninguna posici\u00f3n oficial sobre el impuesto al ajuste fronterizo\u201d.<\/p>\n","protected":false},"excerpt":{"rendered":"<p>Reince Priebus, jefe del gabinete, asegur\u00f3 que este impuesto es una manera de &#8216;igualar el terreno de juego entre nuestro pa\u00eds y otros pa\u00edses en el mundo&#8217;<\/p>\n","protected":false},"author":93,"featured_media":0,"comment_status":"open","ping_status":"open","sticky":false,"template":"","format":"standard","meta":{"footnotes":""},"categories":[31],"tags":[],"class_list":["post-38667","post","type-post","status-publish","format-standard","hentry","category-orbe"],"_links":{"self":[{"href":"https:\/\/plazajuarez.mx\/historico\/wp-json\/wp\/v2\/posts\/38667","targetHints":{"allow":["GET"]}}],"collection":[{"href":"https:\/\/plazajuarez.mx\/historico\/wp-json\/wp\/v2\/posts"}],"about":[{"href":"https:\/\/plazajuarez.mx\/historico\/wp-json\/wp\/v2\/types\/post"}],"author":[{"embeddable":true,"href":"https:\/\/plazajuarez.mx\/historico\/wp-json\/wp\/v2\/users\/93"}],"replies":[{"embeddable":true,"href":"https:\/\/plazajuarez.mx\/historico\/wp-json\/wp\/v2\/comments?post=38667"}],"version-history":[{"count":0,"href":"https:\/\/plazajuarez.mx\/historico\/wp-json\/wp\/v2\/posts\/38667\/revisions"}],"wp:attachment":[{"href":"https:\/\/plazajuarez.mx\/historico\/wp-json\/wp\/v2\/media?parent=38667"}],"wp:term":[{"taxonomy":"category","embeddable":true,"href":"https:\/\/plazajuarez.mx\/historico\/wp-json\/wp\/v2\/categories?post=38667"},{"taxonomy":"post_tag","embeddable":true,"href":"https:\/\/plazajuarez.mx\/historico\/wp-json\/wp\/v2\/tags?post=38667"}],"curies":[{"name":"wp","href":"https:\/\/api.w.org\/{rel}","templated":true}]}}