{"id":38639,"date":"2017-03-26T17:25:18","date_gmt":"2017-03-26T17:25:18","guid":{"rendered":"http:\/\/plazajuarez.mx\/index\/index.php\/2017\/03\/26\/crimen-y-castigo-14\/"},"modified":"2017-03-26T17:25:18","modified_gmt":"2017-03-26T17:25:18","slug":"crimen-y-castigo-14","status":"publish","type":"post","link":"https:\/\/plazajuarez.mx\/historico\/crimen-y-castigo-14\/","title":{"rendered":"Crimen y Castigo"},"content":{"rendered":"<p dir=\"ltr\" style=\"line-height: 1.295; margin-top: 0pt; margin-bottom: 8pt;\">\u00a0<\/p>\n<p><b id=\"docs-internal-guid-7001b709-0ba7-2f0c-ce44-0c5ca08ce368\" style=\"font-weight: normal;\">\u00a0<\/b><\/p>\n<p dir=\"ltr\" style=\"line-height: 1.295; margin-top: 0pt; margin-bottom: 8pt;\"><span style=\"font-size: 11pt; font-family: Calibri; color: #000000; background-color: transparent; font-weight: bold; font-style: normal; font-variant: normal; text-decoration: none; vertical-align: baseline; white-space: pre-wrap;\">\u00bfSe les chispote\u00f3 en la Secretar\u00eda de Cultura?<\/span><\/p>\n<p dir=\"ltr\" style=\"line-height: 1.295; margin-top: 0pt; margin-bottom: 8pt;\"><span style=\"font-size: 11pt; font-family: Calibri; color: #000000; background-color: transparent; font-weight: 400; font-style: normal; font-variant: normal; text-decoration: none; vertical-align: baseline; white-space: pre-wrap;\">El programa 2017-2018 de la Secretar\u00eda de Cultura fue anunciado hace unos d\u00edas. En el desmenuce de las propuestas, nos dicen, se han encontrado diversas cosas que no son novedad, son, en todo caso, continuidad. En las l\u00edneas de acci\u00f3n sorprende que se incluya la apertura al p\u00fablico de siete zonas arqueol\u00f3gicas porque una de ellas, la peque\u00f1a pir\u00e1mide en Mixcoac, es un sitio que desde hace muchos a\u00f1os se ha podido visitar.<\/span><\/p>\n<p>  <!--more-->  <\/p>\n<p dir=\"ltr\" style=\"line-height: 1.295; margin-top: 0pt; margin-bottom: 8pt;\"><span style=\"font-size: 11pt; font-family: Calibri; color: #000000; background-color: transparent; font-weight: 400; font-style: normal; font-variant: normal; text-decoration: none; vertical-align: baseline; white-space: pre-wrap;\">Tambi\u00e9n se anunci\u00f3 la apertura de la zona arqueol\u00f3gica de Teteles, en Puebla y Xcamb\u00f3, en Yucat\u00e1n, pero ya est\u00e1n abiertas al p\u00fablico desde hace varios meses. Y qu\u00e9 decir sobre la exposici\u00f3n \u201cMayas, el lenguaje de la belleza\u201d, que ha recorrido medio mundo desde 2013 y ahora quieren anunciarla como la gran exposici\u00f3n internacional en el Museo Nacional de Antropolog\u00eda. <\/span><\/p>\n<p dir=\"ltr\" style=\"line-height: 1.295; margin-top: 0pt; margin-bottom: 8pt;\"><span style=\"font-size: 11pt; font-family: Calibri; color: #000000; background-color: transparent; font-weight: bold; font-style: normal; font-variant: normal; text-decoration: none; vertical-align: baseline; white-space: pre-wrap;\">Las viejas nuevas en fomento a la lectura y libros<\/span><\/p>\n<p dir=\"ltr\" style=\"line-height: 1.295; margin-top: 0pt; margin-bottom: 8pt;\"><span style=\"font-size: 11pt; font-family: Calibri; color: #000000; background-color: transparent; font-weight: 400; font-style: normal; font-variant: normal; text-decoration: none; vertical-align: baseline; white-space: pre-wrap;\">La Secretar\u00eda de Cultura ha puesto especial acento en el lanzamiento de dos plataformas digitales documentales que lo m\u00e1s que tienen de nuevo es el nombre, pues desde hace cuatro a\u00f1os han intentado muchos modos de hacer que los lectores tengan libros a su alcance con un simple clic. En 2014 lanzaron la plataforma librosmexico.mx, que no s\u00f3lo se convert\u00eda en una herramienta para pr\u00e9stamo, renta y compra de novedades editoriales, tambi\u00e9n daba acceso a m\u00e1s de 11 mil libros del patrimonio documental de la Biblioteca de M\u00e9xico Jos\u00e9 Vasconcelos. Hace dos d\u00edas, la Secretar\u00eda de Cultura anunci\u00f3 la Plataforma Digitales, que ya estaba en l\u00ednea desde agosto del a\u00f1o pasado y que \u201cpondr\u00e1\u201d a disposici\u00f3n de los mexicanos m\u00e1s de 5 mil ediciones recientes a trav\u00e9s de la Red Nacional de Bibliotecas P\u00fablicas. Otro \u201canuncio\u201d fue la creaci\u00f3n de la Biblioteca Virtual de M\u00e9xico, que pondr\u00e1 a disposici\u00f3n de los internautas m\u00e1s de 10 mil libros digitalizados y PDF del acervo de la Biblioteca de M\u00e9xico Jos\u00e9 Vasconcelos, que ya se pod\u00edan consultar en la Biblioteca Digital de ese recinto. Entre los anuncios en materia de fomento a la lectura est\u00e1 el trabajo con migrantes mexicanos en albergues localizados en ciudades fronterizas. Nada nuevo, pues en 2015, cuatro cronistas emprendieron en Tijuana el taller \u201cMigraci\u00f3n y memoria\u201d, en el centro-refugio La Techumbre, que a la fecha incluso ya ha dado por resultado el libro Nadie me sabe dar raz\u00f3n. Tijuana. Migraci\u00f3n y memoria. <\/span><\/p>\n<p dir=\"ltr\" style=\"line-height: 1.295; margin-top: 0pt; margin-bottom: 8pt;\"><span style=\"font-size: 11pt; font-family: Calibri; color: #000000; background-color: transparent; font-weight: bold; font-style: normal; font-variant: normal; text-decoration: none; vertical-align: baseline; white-space: pre-wrap;\">Despu\u00e9s de Diego \u00bfqu\u00e9?<\/span><\/p>\n<p dir=\"ltr\" style=\"line-height: 1.295; margin-top: 0pt; margin-bottom: 8pt;\"><span style=\"font-size: 11pt; font-family: Calibri; color: #000000; background-color: transparent; font-weight: 400; font-style: normal; font-variant: normal; text-decoration: none; vertical-align: baseline; white-space: pre-wrap;\">De nueva cuenta, y apegados a la agenda de exposiciones que para 2017 present\u00f3 la Secretar\u00eda de Cultura, Diego Rivera, uno de los tres grandes muralistas, ser\u00e1 protagonista en las muestras que los grandes museos del Instituto Nacional de Bellas Artes presentar\u00e1n durante el a\u00f1o. \u00bfDespu\u00e9s de Diego, qu\u00e9?, se preguntan algunos. Y es que \u201cPicasso y Rivera. Conversaciones a trav\u00e9s del tiempo\u201d, que actualmente se encuentra en Los \u00c1ngeles, se anuncia como la m\u00e1s importante exposici\u00f3n que se ver\u00e1 este a\u00f1o; la lista de muestras incluye tambi\u00e9n \u201cDiego Rivera y la experiencia en la URSS\u201d, que llegar\u00e1 al Museo Casa Estudio Diego Rivera y Frida Kahlo. Adem\u00e1s se contemplan tambi\u00e9n exposiciones de Roberto Montenegro y Jean Arp. Pero m\u00e1s all\u00e1, no se ven otras grandes muestras. \u00bfHabr\u00e1 sido culpa del d\u00f3lar?<\/span><\/p>\n<p dir=\"ltr\" style=\"line-height: 1.295; margin-top: 0pt; margin-bottom: 8pt;\"><span style=\"font-size: 11pt; font-family: Calibri; color: #000000; background-color: transparent; font-weight: bold; font-style: normal; font-variant: normal; text-decoration: none; vertical-align: baseline; white-space: pre-wrap;\">\u00bfSaludos con sombrero ajeno?<\/span><\/p>\n<p><span style=\"font-size: 11pt; font-family: Calibri; color: #000000; background-color: transparent; vertical-align: baseline; white-space: pre-wrap;\">Efiarte, el est\u00edmulo fiscal que apoyar\u00e1 proyectos de inversi\u00f3n para el teatro, las artes visuales, la danza y la m\u00fasica, fue aprobado por la C\u00e1mara de Diputados en octubre pasado, o sea, sali\u00f3 de los legisladores; pero forma parte de los importantes anuncios de la dependencia. En todo caso, lo novedoso es que hace cuatro meses se dijo que era por 100 millones, pero ahora se recuerda que es por 150. Nos comentan que otro de los datos curiosos es que se asegura que habr\u00e1 obras de teatro y danza, conciertos y actividades literarias de mujeres. Ah, caray, \u00bfno se hac\u00edan antes? As\u00ed como acciones de participaci\u00f3n tripartita con el Auditorio Nacional, pues as\u00ed ha sido desde muchos a\u00f1os, \u00bfno? La Cultura A-Pantalla, pues tambi\u00e9n, nada nuevo. En fin, que en las artes esc\u00e9nicas y en la m\u00fasica poco se vislumbra en este programa.<\/span><\/p>\n","protected":false},"excerpt":{"rendered":"<p>\u00a0 \u00a0 \u00bfSe les chispote\u00f3 en la Secretar\u00eda de Cultura? El programa 2017-2018 de la Secretar\u00eda de Cultura fue anunciado hace unos d\u00edas. En el desmenuce de las propuestas, nos dicen, se han encontrado diversas cosas que no son novedad, son, en todo caso, continuidad. En las l\u00edneas de acci\u00f3n sorprende que se incluya la [&hellip;]<\/p>\n","protected":false},"author":3,"featured_media":0,"comment_status":"open","ping_status":"open","sticky":false,"template":"","format":"standard","meta":{"footnotes":""},"categories":[42],"tags":[],"class_list":["post-38639","post","type-post","status-publish","format-standard","hentry","category-nuestrapalabra"],"_links":{"self":[{"href":"https:\/\/plazajuarez.mx\/historico\/wp-json\/wp\/v2\/posts\/38639","targetHints":{"allow":["GET"]}}],"collection":[{"href":"https:\/\/plazajuarez.mx\/historico\/wp-json\/wp\/v2\/posts"}],"about":[{"href":"https:\/\/plazajuarez.mx\/historico\/wp-json\/wp\/v2\/types\/post"}],"author":[{"embeddable":true,"href":"https:\/\/plazajuarez.mx\/historico\/wp-json\/wp\/v2\/users\/3"}],"replies":[{"embeddable":true,"href":"https:\/\/plazajuarez.mx\/historico\/wp-json\/wp\/v2\/comments?post=38639"}],"version-history":[{"count":0,"href":"https:\/\/plazajuarez.mx\/historico\/wp-json\/wp\/v2\/posts\/38639\/revisions"}],"wp:attachment":[{"href":"https:\/\/plazajuarez.mx\/historico\/wp-json\/wp\/v2\/media?parent=38639"}],"wp:term":[{"taxonomy":"category","embeddable":true,"href":"https:\/\/plazajuarez.mx\/historico\/wp-json\/wp\/v2\/categories?post=38639"},{"taxonomy":"post_tag","embeddable":true,"href":"https:\/\/plazajuarez.mx\/historico\/wp-json\/wp\/v2\/tags?post=38639"}],"curies":[{"name":"wp","href":"https:\/\/api.w.org\/{rel}","templated":true}]}}