{"id":385,"date":"2015-02-07T06:00:00","date_gmt":"2015-02-07T06:00:00","guid":{"rendered":"http:\/\/plazajuarez.mx\/index\/index.php\/2015\/02\/07\/reducira-30-el-presupuesto-para-la-sectur\/"},"modified":"2015-02-07T06:00:00","modified_gmt":"2015-02-07T06:00:00","slug":"reducira-30-el-presupuesto-para-la-sectur","status":"publish","type":"post","link":"https:\/\/plazajuarez.mx\/historico\/reducira-30-el-presupuesto-para-la-sectur\/","title":{"rendered":"Reducir\u00e1 30% el presupuesto para la Sectur"},"content":{"rendered":"<p><strong><span style=\"font-family: verdana, geneva; font-size: 10pt;\">Roberto Pedraza Mart\u00ednez, titular de Turismo y Cultura\u00a0 (Sectur) en\u00a0 Hidalgo,\u00a0 inform\u00f3 que el recorte del 30 por ciento de los recursos afectar\u00e1 a la secretar\u00eda que encabeza, ya que coment\u00f3 que el\u00a0 monto esperado para este 2015\u00a0 era 120 millones y con el reajuste se estar\u00eda hablando de 35 millones menos.<\/span><\/strong><\/p>\n<p>  <!--more-->  <\/p>\n<p>\u00a0<\/p>\n<p><span style=\"font-family: verdana, geneva; font-size: 10pt;\">\u00a0<\/span><\/p>\n<p><span style=\"font-family: verdana, geneva; font-size: 10pt;\">\u201cSin duda a todos los rubros afectar\u00e1\u00a0 este recorte de recursos, si ya hubo recorte en salud y educaci\u00f3n, no podemos esperar menos para el sector tur\u00edstico\u201d asegur\u00f3.<\/span><\/p>\n<p><span style=\"font-family: verdana, geneva; font-size: 10pt;\">\u00a0<\/span><\/p>\n<p><span style=\"font-family: verdana, geneva; font-size: 10pt;\">Sin embargo, precis\u00f3 que en el \u00e1rea que pidieron que no se les recortara el recurso es en capacitaci\u00f3n y promoci\u00f3n.<\/span><\/p>\n<p><span style=\"font-family: verdana, geneva; font-size: 10pt;\">\u00a0<\/span><\/p>\n<p><span style=\"font-family: verdana, geneva; font-size: 10pt;\">Argument\u00f3 que apostar\u00e1 a otro nicho para incrementar el turismo en Hidalgo, como son las plantas medicinales.\u00a0 \u201cS\u00e9 que existe una gran\u00a0 investigaci\u00f3n en\u00a0 la Universidad Aut\u00f3noma del Estado (UAEH),\u00a0 en materia de plantas curativas,\u00a0 solo hay que darle el cauce legal para poder tener otro nicho de mercado que no sea agua, aventura, ni haciendas\u201d.<\/span><\/p>\n<p><span style=\"font-family: verdana, geneva; font-size: 10pt;\">\u00a0<\/span><\/p>\n<p><span style=\"font-family: verdana, geneva; font-size: 10pt;\">Lo anterior, en la presentaci\u00f3n de carnavales de Hidalgo en la ciudad de Pachuca, donde se dieron cita 21 municipios de la entidad, a fin de acercar las tradiciones,\u00a0 fomentar y preservar la cultura.<\/span><\/p>\n<p><span style=\"font-family: verdana, geneva; font-size: 10pt;\">\u00a0<\/span><\/p>\n<p><span style=\"font-family: verdana, geneva; font-size: 10pt;\">El funcionario manifest\u00f3 que la continuidad de la presentaci\u00f3n de los carnavales en Pachuca a la cual se integra la Comisi\u00f3n para el Desarrollo de los Pueblos Ind\u00edgenas, es para darle el valor cultural que se merece.<\/span><\/p>\n<p><span style=\"font-family: verdana, geneva; font-size: 10pt;\">\u00a0<\/span><\/p>\n<p><span style=\"font-family: verdana, geneva; font-size: 10pt;\">Explic\u00f3 que en esta ocasi\u00f3n no se realiz\u00f3 el desfile,\u00a0 derivado a quejas por obstruir las principales calles. \u201cEl d\u00eda de hoy optamos por la concentraci\u00f3n\u00a0 y la expresi\u00f3n de todos los grupos en esta zona\u201d dijo.<\/span><\/p>\n<p><span style=\"font-family: verdana, geneva; font-size: 10pt;\">\u00a0<\/span><\/p>\n<p><span style=\"font-family: verdana, geneva; font-size: 10pt;\">Por su parte, Jos\u00e9\u00a0 Vergara Vergara, director general\u00a0 del Consejo Estatal para la Cultura y las Artes en Hidalgo (Cecultah), refiri\u00f3 que este tipo de celebraciones son motivo de alegr\u00eda y fiesta, cada regi\u00f3n hidalguense tiene su manera peculiar de celebrar esta tradici\u00f3n, cada unos con sus trajes, colores y sonidos y su algarab\u00eda.\u00a0\u00a0\u00a0\u00a0\u00a0<\/span><\/p>\n","protected":false},"excerpt":{"rendered":"<p>Roberto Pedraza Mart\u00ednez, titular de Turismo y Cultura\u00a0 (Sectur) en\u00a0 Hidalgo,\u00a0 inform\u00f3 que el recorte del 30 por ciento de los recursos afectar\u00e1 a la secretar\u00eda que encabeza, ya que coment\u00f3 que el\u00a0 monto esperado para este 2015\u00a0 era 120 millones y con el reajuste se estar\u00eda hablando de 35 millones menos.<\/p>\n","protected":false},"author":93,"featured_media":0,"comment_status":"open","ping_status":"open","sticky":false,"template":"","format":"standard","meta":{"footnotes":""},"categories":[59],"tags":[],"class_list":["post-385","post","type-post","status-publish","format-standard","hentry","category-general"],"_links":{"self":[{"href":"https:\/\/plazajuarez.mx\/historico\/wp-json\/wp\/v2\/posts\/385","targetHints":{"allow":["GET"]}}],"collection":[{"href":"https:\/\/plazajuarez.mx\/historico\/wp-json\/wp\/v2\/posts"}],"about":[{"href":"https:\/\/plazajuarez.mx\/historico\/wp-json\/wp\/v2\/types\/post"}],"author":[{"embeddable":true,"href":"https:\/\/plazajuarez.mx\/historico\/wp-json\/wp\/v2\/users\/93"}],"replies":[{"embeddable":true,"href":"https:\/\/plazajuarez.mx\/historico\/wp-json\/wp\/v2\/comments?post=385"}],"version-history":[{"count":0,"href":"https:\/\/plazajuarez.mx\/historico\/wp-json\/wp\/v2\/posts\/385\/revisions"}],"wp:attachment":[{"href":"https:\/\/plazajuarez.mx\/historico\/wp-json\/wp\/v2\/media?parent=385"}],"wp:term":[{"taxonomy":"category","embeddable":true,"href":"https:\/\/plazajuarez.mx\/historico\/wp-json\/wp\/v2\/categories?post=385"},{"taxonomy":"post_tag","embeddable":true,"href":"https:\/\/plazajuarez.mx\/historico\/wp-json\/wp\/v2\/tags?post=385"}],"curies":[{"name":"wp","href":"https:\/\/api.w.org\/{rel}","templated":true}]}}