{"id":38496,"date":"2017-03-23T17:04:25","date_gmt":"2017-03-23T17:04:25","guid":{"rendered":"http:\/\/plazajuarez.mx\/index\/index.php\/2017\/03\/23\/fuga-de-reos-en-tamaulipas-fue-a-traves-de-un-tunel-recapturan-a-10\/"},"modified":"2017-03-23T17:04:25","modified_gmt":"2017-03-23T17:04:25","slug":"fuga-de-reos-en-tamaulipas-fue-a-traves-de-un-tunel-recapturan-a-10","status":"publish","type":"post","link":"https:\/\/plazajuarez.mx\/historico\/fuga-de-reos-en-tamaulipas-fue-a-traves-de-un-tunel-recapturan-a-10\/","title":{"rendered":"Fuga de reos en Tamaulipas fue a trav\u00e9s de un t\u00fanel; recapturan a 10"},"content":{"rendered":"<p class=\"MsoNormal\">La fuga de un n\u00famero a\u00fan indeterminado de reos, del penal de Ciudad Victoria, Tamaulipas, fue a trav\u00e9s de un t\u00fanel, que tiene 5 metros de profundidad por 40 de largo.<\/p>\n<p>  <!--more-->  <\/p>\n<p class=\"MsoNormal\">La informaci\u00f3n oficial de este jueves indica que los operativos de todas las fuerzas policiales, estatales y federales, han logrado la recaptura de 10 reos, pero no han precisado cu\u00e1ntos escaparon en total.<\/p>\n<p class=\"MsoNormal\">\u201cLa fuga de reos en Cedes Victoria fue a trav\u00e9s de un t\u00fanel de 5 metros de profundidad por 40 de largo. Sigue b\u00fasqueda interna\u201d, inform\u00f3 la Vocer\u00eda de Seguridad P\u00fablica del gobierno de Tamaulipas en Twitter.<\/p>\n<p class=\"MsoNormal\">En otro tuit posterior, se indica que por motivos de seguridad fueron suspendidas las visitas en dicho Cedes, porque hacia el interior contin\u00faa un operativo bajo medidas de control.<\/p>\n<p class=\"MsoNormal\">Ayer mi\u00e9rcoles por la noche se inform\u00f3 de las movilizaciones policiales en Ciudad Victoria, Tamaulipas, debido a la fuga de reos, que se dio a conocer a trav\u00e9s de la cuenta oficial de Twitter @VoceriaSegTam.<\/p>\n<p class=\"MsoNormal\">En el transcurso de la madrugada los operativos con elementos de Fuerza Tamaulipas y Fuerzas Federales lograron la recaptura de 10 reos, pero las autoridades no han confirmado cuantos lograron escapar por dicho t\u00fanel.<\/p>\n<p class=\"MsoNormal\">Trascendi\u00f3 que en el transcurso de la ma\u00f1ana se realizar\u00e1 una rueda de prensa para informar los detalles de esta fuga.<\/p>\n","protected":false},"excerpt":{"rendered":"<p>La fuga de un n\u00famero a\u00fan indeterminado de reos, del penal de Ciudad Victoria, Tamaulipas, fue a trav\u00e9s de un t\u00fanel, que tiene 5 metros de profundidad por 40 de largo.<\/p>\n","protected":false},"author":6,"featured_media":0,"comment_status":"open","ping_status":"open","sticky":false,"template":"","format":"standard","meta":{"footnotes":""},"categories":[37],"tags":[],"class_list":["post-38496","post","type-post","status-publish","format-standard","hentry","category-barandilla"],"_links":{"self":[{"href":"https:\/\/plazajuarez.mx\/historico\/wp-json\/wp\/v2\/posts\/38496","targetHints":{"allow":["GET"]}}],"collection":[{"href":"https:\/\/plazajuarez.mx\/historico\/wp-json\/wp\/v2\/posts"}],"about":[{"href":"https:\/\/plazajuarez.mx\/historico\/wp-json\/wp\/v2\/types\/post"}],"author":[{"embeddable":true,"href":"https:\/\/plazajuarez.mx\/historico\/wp-json\/wp\/v2\/users\/6"}],"replies":[{"embeddable":true,"href":"https:\/\/plazajuarez.mx\/historico\/wp-json\/wp\/v2\/comments?post=38496"}],"version-history":[{"count":0,"href":"https:\/\/plazajuarez.mx\/historico\/wp-json\/wp\/v2\/posts\/38496\/revisions"}],"wp:attachment":[{"href":"https:\/\/plazajuarez.mx\/historico\/wp-json\/wp\/v2\/media?parent=38496"}],"wp:term":[{"taxonomy":"category","embeddable":true,"href":"https:\/\/plazajuarez.mx\/historico\/wp-json\/wp\/v2\/categories?post=38496"},{"taxonomy":"post_tag","embeddable":true,"href":"https:\/\/plazajuarez.mx\/historico\/wp-json\/wp\/v2\/tags?post=38496"}],"curies":[{"name":"wp","href":"https:\/\/api.w.org\/{rel}","templated":true}]}}