{"id":38400,"date":"2017-03-22T12:55:41","date_gmt":"2017-03-22T12:55:41","guid":{"rendered":"http:\/\/plazajuarez.mx\/index\/index.php\/2017\/03\/22\/buscan-a-un-enfermo-de-sus-facultades-que-desaparecio\/"},"modified":"2017-03-22T12:55:41","modified_gmt":"2017-03-22T12:55:41","slug":"buscan-a-un-enfermo-de-sus-facultades-que-desaparecio","status":"publish","type":"post","link":"https:\/\/plazajuarez.mx\/historico\/buscan-a-un-enfermo-de-sus-facultades-que-desaparecio\/","title":{"rendered":"BUSCAN A UN ENFERMO DE SUS FACULTADES QUE DESAPARECI\u00d3"},"content":{"rendered":"<p>EN ATITALAQUIA<\/p>\n<p>  <!--more-->  <\/p>\n<p>Luego de reportar la desaparici\u00f3n de Rogelio G\u00f3mez P\u00e9rez, sus familiares solicitan la colaboraci\u00f3n ciudadana y de las autoridades correspondientes para dar con la localizaci\u00f3n del afectado, ya que informaron que padece de sus facultades mentales y temen que algo malo pueda pasarle.<br \/>La informaci\u00f3n al respecto precisa que Rogelio sali\u00f3 de su casa ubicada en la comunidad de El Tabl\u00f3n el lunes anterior aproximadamente a las 17 horas, por lo que cualquier informaci\u00f3n favor de proporcionarla al n\u00famero telef\u00f3nico 7731880018.<\/p>\n","protected":false},"excerpt":{"rendered":"<p>EN ATITALAQUIA<\/p>\n","protected":false},"author":93,"featured_media":0,"comment_status":"open","ping_status":"open","sticky":false,"template":"","format":"standard","meta":{"footnotes":""},"categories":[37],"tags":[],"class_list":["post-38400","post","type-post","status-publish","format-standard","hentry","category-barandilla"],"_links":{"self":[{"href":"https:\/\/plazajuarez.mx\/historico\/wp-json\/wp\/v2\/posts\/38400","targetHints":{"allow":["GET"]}}],"collection":[{"href":"https:\/\/plazajuarez.mx\/historico\/wp-json\/wp\/v2\/posts"}],"about":[{"href":"https:\/\/plazajuarez.mx\/historico\/wp-json\/wp\/v2\/types\/post"}],"author":[{"embeddable":true,"href":"https:\/\/plazajuarez.mx\/historico\/wp-json\/wp\/v2\/users\/93"}],"replies":[{"embeddable":true,"href":"https:\/\/plazajuarez.mx\/historico\/wp-json\/wp\/v2\/comments?post=38400"}],"version-history":[{"count":0,"href":"https:\/\/plazajuarez.mx\/historico\/wp-json\/wp\/v2\/posts\/38400\/revisions"}],"wp:attachment":[{"href":"https:\/\/plazajuarez.mx\/historico\/wp-json\/wp\/v2\/media?parent=38400"}],"wp:term":[{"taxonomy":"category","embeddable":true,"href":"https:\/\/plazajuarez.mx\/historico\/wp-json\/wp\/v2\/categories?post=38400"},{"taxonomy":"post_tag","embeddable":true,"href":"https:\/\/plazajuarez.mx\/historico\/wp-json\/wp\/v2\/tags?post=38400"}],"curies":[{"name":"wp","href":"https:\/\/api.w.org\/{rel}","templated":true}]}}