{"id":384,"date":"2015-02-07T06:00:00","date_gmt":"2015-02-07T06:00:00","guid":{"rendered":"http:\/\/plazajuarez.mx\/index\/index.php\/2015\/02\/07\/afecta-programa-de-profesores-por-asignatura\/"},"modified":"2015-02-07T06:00:00","modified_gmt":"2015-02-07T06:00:00","slug":"afecta-programa-de-profesores-por-asignatura","status":"publish","type":"post","link":"https:\/\/plazajuarez.mx\/historico\/afecta-programa-de-profesores-por-asignatura\/","title":{"rendered":"Afecta programa de profesores por asignatura"},"content":{"rendered":"<p><strong><span style=\"font-family: verdana, geneva; font-size: 10pt;\">Tras la situaci\u00f3n de que m\u00e1s de la mitad de los profesores de la Universidad Aut\u00f3noma del Estado de Hidalgo (UAEH), trabajan por asignatura y no est\u00e1n sindicalizados, lo cual\u00a0 limita sus prestaciones, al respecto, el rector de la m\u00e1xima casa de estudios en la entidad,\u00a0 Humberto Augusto Veras Godoy, asegur\u00f3 que este es un problema a nivel nacional.<\/span><\/strong><\/p>\n<p>  <!--more-->  <\/p>\n<p>\u00a0<\/p>\n<p><span style=\"font-family: verdana, geneva; font-size: 10pt;\">\u00a0<\/span><\/p>\n<p><span style=\"font-family: verdana, geneva; font-size: 10pt;\">\u201cNo es que no est\u00e9n integrados a la n\u00f3mina, el problema es que la aut\u00f3noma ha hecho un esfuerzo muy importante para crecer, el programa de profesores por asignatura es un programa que nos afecta a todas las universidades de car\u00e1cter nacional, en donde no est\u00e1 reconocida la n\u00f3mina por parte de la Secretar\u00eda de Educaci\u00f3n P\u00fablica (SEP)\u201d asever\u00f3.<\/span><\/p>\n<p><span style=\"font-family: verdana, geneva; font-size: 10pt;\">\u00a0<\/span><\/p>\n<p><span style=\"font-family: verdana, geneva; font-size: 10pt;\">Ante esta problem\u00e1tica, Veras Godoy precis\u00f3 que la n\u00f3mina de los docentes de asignatura es cubierta con una parte del presupuesto que se le asigna a la UAEH.<\/span><\/p>\n<p><span style=\"font-family: verdana, geneva; font-size: 10pt;\">\u00a0<\/span><\/p>\n<p><span style=\"font-family: verdana, geneva; font-size: 10pt;\">\u00a0\u201cLo que hacemos es regularizar, estamos haciendo planteamientos a trav\u00e9s de presupuestos\u00a0 federales para avanzar en ese tema, no es que no tengan condiciones contractuales, al contrario, ellos son una fortaleza para nosotros\u201d indic\u00f3.<\/span><\/p>\n<p><span style=\"font-family: verdana, geneva; font-size: 10pt;\">\u00a0<\/span><\/p>\n<p><span style=\"font-family: verdana, geneva; font-size: 10pt;\">Asimismo, refiri\u00f3 que se cuenta con el respaldo del Gobierno del Estado, luego del incremento de matr\u00edcula en nivel bachillerato, infraestructura con el nuevo edificio, y los costos de operaci\u00f3n, que incluyen a los profesores.<\/span><\/p>\n<p><span style=\"font-family: verdana, geneva; font-size: 10pt;\">\u00a0<\/span><\/p>\n<p><span style=\"font-family: verdana, geneva; font-size: 10pt;\">Por otro lado, acerca del\u00a0 recorte presupuestal,\u00a0 record\u00f3 que en reciente reuni\u00f3n con el secretario de Educaci\u00f3n P\u00fablica y con otras autoridades educativa, encontraron respuesta favorable. \u201cLa respuesta fue positiva a lo que las Universidades estamos planteando y el compromiso que nos dio el secretario es que se iba a buscar que este recorte presupuestal no afecte el presupuesto de las universidades. Estamos en plena confianza\u00a0 que as\u00ed ser\u00e1, ya que no podr\u00edamos seguir avanzando\u201d concluyo el rector de la UAEH.<\/span><\/p>\n","protected":false},"excerpt":{"rendered":"<p>Tras la situaci\u00f3n de que m\u00e1s de la mitad de los profesores de la Universidad Aut\u00f3noma del Estado de Hidalgo (UAEH), trabajan por asignatura y no est\u00e1n sindicalizados, lo cual\u00a0 limita sus prestaciones, al respecto, el rector de la m\u00e1xima casa de estudios en la entidad,\u00a0 Humberto Augusto Veras Godoy, asegur\u00f3 que este es un [&hellip;]<\/p>\n","protected":false},"author":93,"featured_media":0,"comment_status":"open","ping_status":"open","sticky":false,"template":"","format":"standard","meta":{"footnotes":""},"categories":[59],"tags":[],"class_list":["post-384","post","type-post","status-publish","format-standard","hentry","category-general"],"_links":{"self":[{"href":"https:\/\/plazajuarez.mx\/historico\/wp-json\/wp\/v2\/posts\/384","targetHints":{"allow":["GET"]}}],"collection":[{"href":"https:\/\/plazajuarez.mx\/historico\/wp-json\/wp\/v2\/posts"}],"about":[{"href":"https:\/\/plazajuarez.mx\/historico\/wp-json\/wp\/v2\/types\/post"}],"author":[{"embeddable":true,"href":"https:\/\/plazajuarez.mx\/historico\/wp-json\/wp\/v2\/users\/93"}],"replies":[{"embeddable":true,"href":"https:\/\/plazajuarez.mx\/historico\/wp-json\/wp\/v2\/comments?post=384"}],"version-history":[{"count":0,"href":"https:\/\/plazajuarez.mx\/historico\/wp-json\/wp\/v2\/posts\/384\/revisions"}],"wp:attachment":[{"href":"https:\/\/plazajuarez.mx\/historico\/wp-json\/wp\/v2\/media?parent=384"}],"wp:term":[{"taxonomy":"category","embeddable":true,"href":"https:\/\/plazajuarez.mx\/historico\/wp-json\/wp\/v2\/categories?post=384"},{"taxonomy":"post_tag","embeddable":true,"href":"https:\/\/plazajuarez.mx\/historico\/wp-json\/wp\/v2\/tags?post=384"}],"curies":[{"name":"wp","href":"https:\/\/api.w.org\/{rel}","templated":true}]}}