{"id":38399,"date":"2017-03-22T12:55:18","date_gmt":"2017-03-22T12:55:18","guid":{"rendered":"http:\/\/plazajuarez.mx\/index\/index.php\/2017\/03\/22\/inician-su-carrera-profesional-96-cadetes-del-ifp\/"},"modified":"2017-03-22T12:55:18","modified_gmt":"2017-03-22T12:55:18","slug":"inician-su-carrera-profesional-96-cadetes-del-ifp","status":"publish","type":"post","link":"https:\/\/plazajuarez.mx\/historico\/inician-su-carrera-profesional-96-cadetes-del-ifp\/","title":{"rendered":"INICIAN SU CARRERA PROFESIONAL 96 CADETES DEL IFP"},"content":{"rendered":"<p>DE LA SSPH<\/p>\n<p>  <!--more-->  <\/p>\n<p>Para que cumplan con honorabilidad, valor y lealtad las actividades inherentes a la seguridad p\u00fablica en la entidad<br \/>Mediante un comunicado oficial ayer se dio a conocer que a fin de contar con elementos policiales m\u00e1s y mejor capacitados, comprometidos con salvaguardar a la sociedad, la Secretar\u00eda de Seguridad P\u00fablica de Hidalgo (SSPH), que encabeza Mauricio Delmar Saavedra, a trav\u00e9s del Instituto de Formaci\u00f3n Profesional (IFP), dio la bienvenida a la s\u00e9ptima generaci\u00f3n de cadetes de la carrera de T\u00e9cnico Superior Universitario en Seguridad P\u00fablica e Investigaci\u00f3n Policial.<br \/>Durante su intervenci\u00f3n, Miguel \u00c1ngel Zimbr\u00f3n L\u00f3pez, director general del IFP, exhort\u00f3 a los alumnos de nuevo ingreso para que comiencen a desarrollar un alto sentido de compromiso con la ciudadan\u00eda, as\u00ed como con la visi\u00f3n de cumplir con honorabilidad, valor y lealtad las actividades inherentes a la seguridad p\u00fablica en la entidad.<br \/>Al abundar en tema expres\u00f3 que los 96 cadetes que se integraron al Instituto como parte de una convocatoria emitida desde diciembre pasado ser\u00e1n beneficiados con una beca mensual hasta el t\u00e9rmino del ciclo escolar, adem\u00e1s de que contar\u00e1n, al finalizar sus estudios, con t\u00edtulo y c\u00e9dula profesional de T\u00e9cnico Superior Universitario, y empleo como servidores p\u00fablicos del Gobierno de Hidalgo.<br \/>El Funcionario reiter\u00f3 \u201cLos invito a estudiar e investigar, a escucharse e intentar resolver juntos las situaciones diferentes que se les presenten a lo largo de este a\u00f1o y a tomarlas como un desaf\u00edo para su ingenio. La tarea ser\u00e1 ardua, pero conlleva la gran aventura del conocimiento y la exigencia de superarse d\u00eda a d\u00eda\u201d, manifest\u00f3 Zimbr\u00f3n L\u00f3pez.<br \/>Tambi\u00e9n se dej\u00f3 en claro que los 96 cadetes, previo a iniciar el programa acad\u00e9mico, aprobaron los ex\u00e1menes del Centro de Evaluaci\u00f3n y Control de Confianza (C3), adem\u00e1s de los requisitos exigidos por la Secretar\u00eda de Seguridad P\u00fablica para incorporarse a los estudios.<br \/>\u201cTuvimos una recepci\u00f3n de documentaci\u00f3n de 267 personas, no obstante, en el proceso algunos se dieron de baja, otros no presentaron los requisitos indispensables o no fueron avalados por el C3\u201d.<br \/>Puntualiz\u00f3 que por instrucciones del secretario de Seguridad P\u00fablica, Mauricio Delmar Saavedra, y la iniciativa del gobernador Omar Fayad Meneses, la convocatoria para aspirantes a conformar la octava generaci\u00f3n del Instituto de Formaci\u00f3n Profesional se encuentra abierta y de manera permanente.<br \/>Por lo anterior, destac\u00f3 que aquel ciudadano que desee estudiar la carrera de T\u00e9cnico Superior Universitario en Seguridad P\u00fablica e Investigaci\u00f3n Policial puede comunicarse al tel\u00e9fono 01 (771) 717 3069 para informarse sobre los requisitos que debe presentar.<\/p>\n","protected":false},"excerpt":{"rendered":"<p>DE LA SSPH<\/p>\n","protected":false},"author":93,"featured_media":0,"comment_status":"open","ping_status":"open","sticky":false,"template":"","format":"standard","meta":{"footnotes":""},"categories":[37],"tags":[],"class_list":["post-38399","post","type-post","status-publish","format-standard","hentry","category-barandilla"],"_links":{"self":[{"href":"https:\/\/plazajuarez.mx\/historico\/wp-json\/wp\/v2\/posts\/38399","targetHints":{"allow":["GET"]}}],"collection":[{"href":"https:\/\/plazajuarez.mx\/historico\/wp-json\/wp\/v2\/posts"}],"about":[{"href":"https:\/\/plazajuarez.mx\/historico\/wp-json\/wp\/v2\/types\/post"}],"author":[{"embeddable":true,"href":"https:\/\/plazajuarez.mx\/historico\/wp-json\/wp\/v2\/users\/93"}],"replies":[{"embeddable":true,"href":"https:\/\/plazajuarez.mx\/historico\/wp-json\/wp\/v2\/comments?post=38399"}],"version-history":[{"count":0,"href":"https:\/\/plazajuarez.mx\/historico\/wp-json\/wp\/v2\/posts\/38399\/revisions"}],"wp:attachment":[{"href":"https:\/\/plazajuarez.mx\/historico\/wp-json\/wp\/v2\/media?parent=38399"}],"wp:term":[{"taxonomy":"category","embeddable":true,"href":"https:\/\/plazajuarez.mx\/historico\/wp-json\/wp\/v2\/categories?post=38399"},{"taxonomy":"post_tag","embeddable":true,"href":"https:\/\/plazajuarez.mx\/historico\/wp-json\/wp\/v2\/tags?post=38399"}],"curies":[{"name":"wp","href":"https:\/\/api.w.org\/{rel}","templated":true}]}}