{"id":38398,"date":"2017-03-22T12:52:36","date_gmt":"2017-03-22T12:52:36","guid":{"rendered":"http:\/\/plazajuarez.mx\/index\/index.php\/2017\/03\/22\/muere-ex-secretario-de-defensa-antonio-riviello\/"},"modified":"2017-03-22T12:52:36","modified_gmt":"2017-03-22T12:52:36","slug":"muere-ex-secretario-de-defensa-antonio-riviello","status":"publish","type":"post","link":"https:\/\/plazajuarez.mx\/historico\/muere-ex-secretario-de-defensa-antonio-riviello\/","title":{"rendered":"Muere ex secretario de Defensa, Antonio Riviello"},"content":{"rendered":"<p>De la \u00e9poca del salinismo<\/p>\n<p>  <!--more-->  <\/p>\n<p>El general en retiro Antonio Riviello Baz\u00e1n, ex titular de la Secretar\u00eda de la Defensa Nacional, falleci\u00f3 el lunes a los 90 a\u00f1os de edad, en el Hospital Central Militar de esta ciudad. Fue titular de la Sedena en 1988, durante el mandato de Carlos Salinas de Gortari.<br \/>El actual titular de la Sedena, Salvador Cienfuegos Zepeda, expres\u00f3 sus condolencias a la familia de Riviello Baz\u00e1n, a trav\u00e9s de su cuenta de Twitter.<br \/>LAMENTA EPN MUERTE DE ANTONIO RIVIELLO <br \/>El presidente Enrique Pe\u00f1a Nieto lament\u00f3 el fallecimiento del exsecretario de la Defensa Nacional, Antonio Riviello. En su cuenta de Twitter, extern\u00f3 sus condolencias a la familia del General.<br \/>La ma\u00f1ana de ayer, los secretarios de la Defensa Nacional y de Marina, Salvador Cienfuegos Zepeda y Vidal Francisco Sober\u00f3n Sanz, respectivamente, encabezaron la ceremonia luctuosa del General Antonio Riviello Baz\u00e1n, en la explanada del Heroico Colegio Militar, al sur de la Ciudad de M\u00e9xico.<br \/>Los restos de Riviello Baz\u00e1n fueron trasladados en una carroza f\u00fanebre del Ej\u00e9rcito y despu\u00e9s sobre otra carroza tirada por caballos para desfilar entre dos columnas de cadetes que montaron la guardia para rendirle honores militares.<\/p>\n","protected":false},"excerpt":{"rendered":"<p>De la \u00e9poca del salinismo<\/p>\n","protected":false},"author":93,"featured_media":0,"comment_status":"open","ping_status":"open","sticky":false,"template":"","format":"standard","meta":{"footnotes":""},"categories":[36],"tags":[],"class_list":["post-38398","post","type-post","status-publish","format-standard","hentry","category-nacion"],"_links":{"self":[{"href":"https:\/\/plazajuarez.mx\/historico\/wp-json\/wp\/v2\/posts\/38398","targetHints":{"allow":["GET"]}}],"collection":[{"href":"https:\/\/plazajuarez.mx\/historico\/wp-json\/wp\/v2\/posts"}],"about":[{"href":"https:\/\/plazajuarez.mx\/historico\/wp-json\/wp\/v2\/types\/post"}],"author":[{"embeddable":true,"href":"https:\/\/plazajuarez.mx\/historico\/wp-json\/wp\/v2\/users\/93"}],"replies":[{"embeddable":true,"href":"https:\/\/plazajuarez.mx\/historico\/wp-json\/wp\/v2\/comments?post=38398"}],"version-history":[{"count":0,"href":"https:\/\/plazajuarez.mx\/historico\/wp-json\/wp\/v2\/posts\/38398\/revisions"}],"wp:attachment":[{"href":"https:\/\/plazajuarez.mx\/historico\/wp-json\/wp\/v2\/media?parent=38398"}],"wp:term":[{"taxonomy":"category","embeddable":true,"href":"https:\/\/plazajuarez.mx\/historico\/wp-json\/wp\/v2\/categories?post=38398"},{"taxonomy":"post_tag","embeddable":true,"href":"https:\/\/plazajuarez.mx\/historico\/wp-json\/wp\/v2\/tags?post=38398"}],"curies":[{"name":"wp","href":"https:\/\/api.w.org\/{rel}","templated":true}]}}