{"id":38397,"date":"2017-03-22T12:52:15","date_gmt":"2017-03-22T12:52:15","guid":{"rendered":"http:\/\/plazajuarez.mx\/index\/index.php\/2017\/03\/22\/calderon-pide-carcel-para-ladron-de-jersey\/"},"modified":"2017-03-22T12:52:15","modified_gmt":"2017-03-22T12:52:15","slug":"calderon-pide-carcel-para-ladron-de-jersey","status":"publish","type":"post","link":"https:\/\/plazajuarez.mx\/historico\/calderon-pide-carcel-para-ladron-de-jersey\/","title":{"rendered":"Calder\u00f3n pide c\u00e1rcel para ladr\u00f3n de jersey"},"content":{"rendered":"<p>\u00a0\u00a1Al ladr\u00f3n\u2026 al ladr\u00f3n!, dicen que gritaba<\/p>\n<p>  <!--more-->  <\/p>\n<p>El ex presidente Felipe Calder\u00f3n pidi\u00f3 a las autoridades mexicanas encarcelar al mexicano que rob\u00f3 el jersey del jugador de los Patriotas de Nueva Inglaterra, Tom Brady.<br \/>A trav\u00e9s de redes sociales, el panista escribi\u00f3: &#8220;Autoridades mexicanas deber\u00edan tomar la iniciativa y meter a la c\u00e1rcel al periodista que se rob\u00f3 el jersey de Tom Brady. Poner el ejemplo&#8221;.<br \/>Desde que la noticia se supo, Calder\u00f3n pidi\u00f3 castigo para el ex director de La Prensa que supuestamente sustrajo la prenda del vestidor al final del partido del Super Bowl.<br \/>El lunes, las autoridades de Estados unidos y M\u00e9xico revelaron que encontraron en M\u00e9xico el jersey robado. Las versiones apuntan a que fue Mauricio Ortega, ex director del diario La Prensa.<\/p>\n","protected":false},"excerpt":{"rendered":"<p>\u00a0\u00a1Al ladr\u00f3n\u2026 al ladr\u00f3n!, dicen que gritaba<\/p>\n","protected":false},"author":93,"featured_media":0,"comment_status":"open","ping_status":"open","sticky":false,"template":"","format":"standard","meta":{"footnotes":""},"categories":[36],"tags":[],"class_list":["post-38397","post","type-post","status-publish","format-standard","hentry","category-nacion"],"_links":{"self":[{"href":"https:\/\/plazajuarez.mx\/historico\/wp-json\/wp\/v2\/posts\/38397","targetHints":{"allow":["GET"]}}],"collection":[{"href":"https:\/\/plazajuarez.mx\/historico\/wp-json\/wp\/v2\/posts"}],"about":[{"href":"https:\/\/plazajuarez.mx\/historico\/wp-json\/wp\/v2\/types\/post"}],"author":[{"embeddable":true,"href":"https:\/\/plazajuarez.mx\/historico\/wp-json\/wp\/v2\/users\/93"}],"replies":[{"embeddable":true,"href":"https:\/\/plazajuarez.mx\/historico\/wp-json\/wp\/v2\/comments?post=38397"}],"version-history":[{"count":0,"href":"https:\/\/plazajuarez.mx\/historico\/wp-json\/wp\/v2\/posts\/38397\/revisions"}],"wp:attachment":[{"href":"https:\/\/plazajuarez.mx\/historico\/wp-json\/wp\/v2\/media?parent=38397"}],"wp:term":[{"taxonomy":"category","embeddable":true,"href":"https:\/\/plazajuarez.mx\/historico\/wp-json\/wp\/v2\/categories?post=38397"},{"taxonomy":"post_tag","embeddable":true,"href":"https:\/\/plazajuarez.mx\/historico\/wp-json\/wp\/v2\/tags?post=38397"}],"curies":[{"name":"wp","href":"https:\/\/api.w.org\/{rel}","templated":true}]}}