{"id":38395,"date":"2017-03-22T12:51:10","date_gmt":"2017-03-22T12:51:10","guid":{"rendered":"http:\/\/plazajuarez.mx\/index\/index.php\/2017\/03\/22\/todos-los-recursos-por-la-dignidad-de-migrantes-pena\/"},"modified":"2017-03-22T12:51:10","modified_gmt":"2017-03-22T12:51:10","slug":"todos-los-recursos-por-la-dignidad-de-migrantes-pena","status":"publish","type":"post","link":"https:\/\/plazajuarez.mx\/historico\/todos-los-recursos-por-la-dignidad-de-migrantes-pena\/","title":{"rendered":"Todos los recursos por la dignidad de migrantes: Pe\u00f1a"},"content":{"rendered":"<p>Evento \u201cEducaci\u00f3n sin fronteras\u201d<\/p>\n<p>  <!--more-->  <\/p>\n<p>Durante la promulgaci\u00f3n de las reformas a la Ley General de Educaci\u00f3n que permitir\u00e1n la reinserci\u00f3n de migrantes al sistema educativo nacional, el presidente Enrique Pe\u00f1a sostuvo: \u201cDesde Palacio Nacional, reiterar a los connacionales mexicanos que viven en EU, que no est\u00e1n solos. Seguiremos utilizando todos los recursos legales, diplom\u00e1ticos e institucionales para que sean respetados sus derechos humanos y su dignidad\u201d.<br \/>Ante representantes del congreso y de la Conferencia Nacional de Gobernadores, Pe\u00f1a Nieto instruy\u00f3 a la Secretar\u00eda de Educaci\u00f3n P\u00fablica para acelerar el proceso de eliminaci\u00f3n de trabas burocr\u00e1ticas para la revalidaci\u00f3n de estudios de los connacionales que estudian en el extranjero, eliminando \u201ctr\u00e1mites engorrosos evitando la p\u00e9rdida de tiempo, dinero y esfuerzo\u201d. Asimismo, simplificar la revalidaci\u00f3n de estudios en aquellas carreras reguladas y permitir que las disciplinas no reguladas se revaliden casi autom\u00e1ticamente.<br \/>EPN REFRENDA COMPROMISO CON PERSONAS CON DOWN<br \/>El presidente Enrique Pe\u00f1a Nieto refrend\u00f3 el compromiso del gobierno federal con el respeto y promoci\u00f3n de los derechos de las personas con S\u00edndrome de Down.<br \/>En el D\u00eda Mundial de las personas con S\u00edndrome de Down, destac\u00f3 que es una jornada, establecida desde 2011 por la ONU cada 21 de marzo, para promover su integraci\u00f3n y resaltar la importancia de su libertad de tomar sus propias decisiones.<\/p>\n","protected":false},"excerpt":{"rendered":"<p>Evento \u201cEducaci\u00f3n sin fronteras\u201d<\/p>\n","protected":false},"author":93,"featured_media":0,"comment_status":"open","ping_status":"open","sticky":false,"template":"","format":"standard","meta":{"footnotes":""},"categories":[36],"tags":[],"class_list":["post-38395","post","type-post","status-publish","format-standard","hentry","category-nacion"],"_links":{"self":[{"href":"https:\/\/plazajuarez.mx\/historico\/wp-json\/wp\/v2\/posts\/38395","targetHints":{"allow":["GET"]}}],"collection":[{"href":"https:\/\/plazajuarez.mx\/historico\/wp-json\/wp\/v2\/posts"}],"about":[{"href":"https:\/\/plazajuarez.mx\/historico\/wp-json\/wp\/v2\/types\/post"}],"author":[{"embeddable":true,"href":"https:\/\/plazajuarez.mx\/historico\/wp-json\/wp\/v2\/users\/93"}],"replies":[{"embeddable":true,"href":"https:\/\/plazajuarez.mx\/historico\/wp-json\/wp\/v2\/comments?post=38395"}],"version-history":[{"count":0,"href":"https:\/\/plazajuarez.mx\/historico\/wp-json\/wp\/v2\/posts\/38395\/revisions"}],"wp:attachment":[{"href":"https:\/\/plazajuarez.mx\/historico\/wp-json\/wp\/v2\/media?parent=38395"}],"wp:term":[{"taxonomy":"category","embeddable":true,"href":"https:\/\/plazajuarez.mx\/historico\/wp-json\/wp\/v2\/categories?post=38395"},{"taxonomy":"post_tag","embeddable":true,"href":"https:\/\/plazajuarez.mx\/historico\/wp-json\/wp\/v2\/tags?post=38395"}],"curies":[{"name":"wp","href":"https:\/\/api.w.org\/{rel}","templated":true}]}}