{"id":38394,"date":"2017-03-22T12:50:14","date_gmt":"2017-03-22T12:50:14","guid":{"rendered":"http:\/\/plazajuarez.mx\/index\/index.php\/2017\/03\/22\/no-es-humano-desatar-el-odio-contra-los-migrantes-amlo\/"},"modified":"2017-03-22T12:50:14","modified_gmt":"2017-03-22T12:50:14","slug":"no-es-humano-desatar-el-odio-contra-los-migrantes-amlo","status":"publish","type":"post","link":"https:\/\/plazajuarez.mx\/historico\/no-es-humano-desatar-el-odio-contra-los-migrantes-amlo\/","title":{"rendered":"\u201cNo es humano desatar el odio contra los migrantes\u201d: AMLO"},"content":{"rendered":"<p>Fuerte discurso contra Donald en San Francisco<\/p>\n<p>  <!--more-->  <\/p>\n<p>\u00a0<br \/>El l\u00edder de Morena vuelve a lanzarse contra Trump en su gira de apoyo a los migrantes mexicanos en EU<br \/>Andr\u00e9s Manuel L\u00f3pez Obrador prosigue su ruta en apoyo a los migrantes mexicanos en EU. Como ya hizo en Los \u00c1ngeles, el pol\u00edtico se exhibi\u00f3 el lunes en el barrio latino de San Francisco, La Misi\u00f3n. En un teatro antiguo, ante algo m\u00e1s de mil simpatizantes, muchos con camisetas de Morena, mostr\u00f3 su apoyo a los compatriotas. \u201cNo es humano desatar una campa\u00f1a de odio contra los migrantes. Contra seres humanos que llegan a EU a buscarse la vida y a trabajar honradamente\u201d, asegur\u00f3 ante un auditorio enfervorizado.<br \/>El \u00fanico candidato claro para la carrera presidencial del pr\u00f3ximo a\u00f1o centr\u00f3 buena parte de su discurso en atacar a Trump: \u201cExplota con irresponsabilidad del patrioterismo, el chauvinismo y el odio, cuando los problemas econ\u00f3micos y sociales se producen casi siempre por la corrupci\u00f3n pol\u00edtica. Es lamentable que en lugar de proponerse una reducci\u00f3n de la desigualdad, se responsabilice a los mexicanos de sus problemas sociales. En vez de construir muros y perseguir migrantes ser\u00eda m\u00e1s humano y m\u00e1s eficaz contar en todo el mundo con buenos Gobiernos que procuren mejor niveles de bienestar\u201d.<br \/>L\u00f3pez Obrador busc\u00f3 la complicidad de los estadounidenses presentes, escasos, pero simpatizantes con su causa. En la zona m\u00e1s bohemia de la ciudad, la fascinaci\u00f3n por los or\u00edgenes hispanos del municipio es com\u00fan. \u201cSu pueblo es inteligente. No quiere la estridencia, no quiere confrontaci\u00f3n\u201d, dijo. \u201c\u00a1Somos hermanos, vecinos!\u201d, gritaba el p\u00fablico.<br \/>AMLO no dej\u00f3 de lado un misticismo que siempre tiene cabida en sus discursos: \u201cEsta es una ciudad especial. No es casualidad que sea la \u00fanica de EU entre las 30 con mejor calidad del mundo. Debe su nombre a Francisco de As\u00eds, al di\u00e1cono que rechaz\u00f3 el bien material y consagr\u00f3 su vida a la b\u00fasqueda del bien verdadero\u201d.<br \/>Lament\u00f3 las necesidades por las que pasan sus compatriotas a ambos lados de la frontera: \u201cNadie puede ser feliz sin trabajo, alimentaci\u00f3n, vivienda o sin servicios m\u00e9dicos. Antes de ocuparse de la pol\u00edtica, la gente tiene que resolver su subsistencia. El sentido de la vida no se debe reducir a eso. No solo de pan vive el hombre\u201d.<\/p>\n","protected":false},"excerpt":{"rendered":"<p>Fuerte discurso contra Donald en San Francisco<\/p>\n","protected":false},"author":93,"featured_media":0,"comment_status":"open","ping_status":"open","sticky":false,"template":"","format":"standard","meta":{"footnotes":""},"categories":[36],"tags":[],"class_list":["post-38394","post","type-post","status-publish","format-standard","hentry","category-nacion"],"_links":{"self":[{"href":"https:\/\/plazajuarez.mx\/historico\/wp-json\/wp\/v2\/posts\/38394","targetHints":{"allow":["GET"]}}],"collection":[{"href":"https:\/\/plazajuarez.mx\/historico\/wp-json\/wp\/v2\/posts"}],"about":[{"href":"https:\/\/plazajuarez.mx\/historico\/wp-json\/wp\/v2\/types\/post"}],"author":[{"embeddable":true,"href":"https:\/\/plazajuarez.mx\/historico\/wp-json\/wp\/v2\/users\/93"}],"replies":[{"embeddable":true,"href":"https:\/\/plazajuarez.mx\/historico\/wp-json\/wp\/v2\/comments?post=38394"}],"version-history":[{"count":0,"href":"https:\/\/plazajuarez.mx\/historico\/wp-json\/wp\/v2\/posts\/38394\/revisions"}],"wp:attachment":[{"href":"https:\/\/plazajuarez.mx\/historico\/wp-json\/wp\/v2\/media?parent=38394"}],"wp:term":[{"taxonomy":"category","embeddable":true,"href":"https:\/\/plazajuarez.mx\/historico\/wp-json\/wp\/v2\/categories?post=38394"},{"taxonomy":"post_tag","embeddable":true,"href":"https:\/\/plazajuarez.mx\/historico\/wp-json\/wp\/v2\/tags?post=38394"}],"curies":[{"name":"wp","href":"https:\/\/api.w.org\/{rel}","templated":true}]}}