{"id":38350,"date":"2017-03-21T12:09:51","date_gmt":"2017-03-21T12:09:51","guid":{"rendered":"http:\/\/plazajuarez.mx\/index\/index.php\/2017\/03\/21\/director-del-hospital-regional-tula-tepeji-niega-carencia-de-medicamentos\/"},"modified":"2017-03-21T12:09:51","modified_gmt":"2017-03-21T12:09:51","slug":"director-del-hospital-regional-tula-tepeji-niega-carencia-de-medicamentos","status":"publish","type":"post","link":"https:\/\/plazajuarez.mx\/historico\/director-del-hospital-regional-tula-tepeji-niega-carencia-de-medicamentos\/","title":{"rendered":"Director del Hospital Regional Tula-Tepeji, niega carencia de medicamentos"},"content":{"rendered":"<p>Tula de Allende<\/p>\n<p>Con relaci\u00f3n al abasto de medicamento y material inyectable dijo que en los \u00faltimos d\u00edas se realiz\u00f3 el cambio de empresa y que la log\u00edstica ha ido mejorando gradualmente, que en el buz\u00f3n del hospital, no hay quejas al respecto\u00a0 <\/p>\n<p>Cabe hacer menci\u00f3n que si bien los usuarios no hacen uso del buz\u00f3n de quejas s\u00ed han expresado su inconformidad por la falta de medicamentos, sobre todo para los pacientes que padecen diabetes al no contar con tiras reactivas y eso obliga a que tengan que adquirirlas por sus propios medios seg\u00fan denunciaron\u2026 es curioso el criterio\u2026 si no est\u00e1n en el buz\u00f3n NO EXISTEN (reflexi\u00f3n del editor de esta secci\u00f3n)<\/p>\n<p>  <!--more-->  <\/p>\n<p>Rafael Monroy Meneses, director del Hospital Regional Tula-Tepeji, neg\u00f3\u00a0 que existan quejas por falta de medicamentos e insumos y asegur\u00f3 que todo se debi\u00f3 al cambio de empresa, pero que ya se corrige la log\u00edstica. <\/p>\n<p>Monroy Meneses dijo que de acuerdo al sistema de quejas y sugerencias con que cuenta el hospital no han recibido reporte alguno, ya que realizan una revisi\u00f3n y an\u00e1lisis mensual y que se cuenta con la presencia de un representante de la sociedad civil, el gestor de calidad y de la propia Secretar\u00eda de Salud y que no han detectado queja alguna.<\/p>\n<p>Con relaci\u00f3n al abasto de medicamento y material inyectable dijo que en los \u00faltimos d\u00edas se realiz\u00f3 el cambio de empresa y que la log\u00edstica ha ido mejorando gradualmente, por lo que pidi\u00f3 la comprensi\u00f3n de la ciudadan\u00eda, al asegurar que se ha ido corrigiendo con el apoyo del secretario de Salud, Marco Antonio Escamilla.<\/p>\n<p>El galeno dijo que la instrucci\u00f3n del gobernador, Omar Fayad, ha sido que se brinde una buena atenci\u00f3n a los pacientes y que en la medida de lo posible se est\u00e1 atendiendo a los usuarios.<\/p>\n<p>Rafael Meneses rechaz\u00f3 que est\u00e9 en riesgo la atenci\u00f3n de los pacientes, coment\u00f3 que en lo que se refiere a los m\u00e9dicos se cuenta con una plantilla para atender los servicios que se ofrecen entre ellos cirug\u00eda general, medicina interna, ginecolog\u00eda, pediatr\u00eda, anestesia, trauma y ortopedia, adem\u00e1s de que se cuenta acreditada la unidad de cuidados intensivos para atender casos de prematurez y dificultad respiratoria.<\/p>\n<p>Sumado a que desde hace algunos meses opera la unidad oncol\u00f3gica y que en general se ha realizado un buen trabajo, pero pidi\u00f3 a los usuarios a acercarse a la direcci\u00f3n y hacer uso del sistema de quejas y sugerencias.<\/p>\n<p>Finalmente, en cuanto a los proveedores quienes tambi\u00e9n se quejan de la falta de pago y que han denunciado la falta de solidez\u00a0 econ\u00f3mica del hospital, el directivo coment\u00f3 que en esa parte los proveedores conocen las condiciones de pago y los plazos de cr\u00e9dito que aceptaron desde un inicio en que se convirtieron en proveedores de una instituci\u00f3n gubernamental.<\/p>\n","protected":false},"excerpt":{"rendered":"<p>Tula de Allende Con relaci\u00f3n al abasto de medicamento y material inyectable dijo que en los \u00faltimos d\u00edas se realiz\u00f3 el cambio de empresa y que la log\u00edstica ha ido mejorando gradualmente, que en el buz\u00f3n del hospital, no hay quejas al respecto\u00a0 Cabe hacer menci\u00f3n que si bien los usuarios no hacen uso del [&hellip;]<\/p>\n","protected":false},"author":93,"featured_media":0,"comment_status":"open","ping_status":"open","sticky":false,"template":"","format":"standard","meta":{"footnotes":""},"categories":[40],"tags":[],"class_list":["post-38350","post","type-post","status-publish","format-standard","hentry","category-region"],"_links":{"self":[{"href":"https:\/\/plazajuarez.mx\/historico\/wp-json\/wp\/v2\/posts\/38350","targetHints":{"allow":["GET"]}}],"collection":[{"href":"https:\/\/plazajuarez.mx\/historico\/wp-json\/wp\/v2\/posts"}],"about":[{"href":"https:\/\/plazajuarez.mx\/historico\/wp-json\/wp\/v2\/types\/post"}],"author":[{"embeddable":true,"href":"https:\/\/plazajuarez.mx\/historico\/wp-json\/wp\/v2\/users\/93"}],"replies":[{"embeddable":true,"href":"https:\/\/plazajuarez.mx\/historico\/wp-json\/wp\/v2\/comments?post=38350"}],"version-history":[{"count":0,"href":"https:\/\/plazajuarez.mx\/historico\/wp-json\/wp\/v2\/posts\/38350\/revisions"}],"wp:attachment":[{"href":"https:\/\/plazajuarez.mx\/historico\/wp-json\/wp\/v2\/media?parent=38350"}],"wp:term":[{"taxonomy":"category","embeddable":true,"href":"https:\/\/plazajuarez.mx\/historico\/wp-json\/wp\/v2\/categories?post=38350"},{"taxonomy":"post_tag","embeddable":true,"href":"https:\/\/plazajuarez.mx\/historico\/wp-json\/wp\/v2\/tags?post=38350"}],"curies":[{"name":"wp","href":"https:\/\/api.w.org\/{rel}","templated":true}]}}