{"id":38319,"date":"2017-03-20T21:20:40","date_gmt":"2017-03-20T21:20:40","guid":{"rendered":"http:\/\/plazajuarez.mx\/index\/index.php\/2017\/03\/20\/secretaria-de-salud-debera-promocionar-el-uso-del-condon-y-prevencion-de-enfermedades\/"},"modified":"2017-03-20T21:20:40","modified_gmt":"2017-03-20T21:20:40","slug":"secretaria-de-salud-debera-promocionar-el-uso-del-condon-y-prevencion-de-enfermedades","status":"publish","type":"post","link":"https:\/\/plazajuarez.mx\/historico\/secretaria-de-salud-debera-promocionar-el-uso-del-condon-y-prevencion-de-enfermedades\/","title":{"rendered":"Secretar\u00eda de salud deber\u00e1 promocionar el uso del cond\u00f3n y prevenci\u00f3n de enfermedades"},"content":{"rendered":"<p style=\"margin: 0cm; margin-bottom: .0001pt; text-align: justify;\">\u00a0<\/p>\n<p style=\"margin: 0cm; margin-bottom: .0001pt; text-align: justify;\"><span style=\"mso-bidi-font-size: 13.5pt; color: black;\">\u00a0<\/span><span style=\"mso-bidi-font-size: 13.5pt; color: black;\">Tras la aprobaci\u00f3n de la reforma a la Ley para Prevenir, Atender, Sancionar y Eliminar la Discriminaci\u00f3n, as\u00ed como la Ley de Salud del estado, a fin de contribuir a la erradicaci\u00f3n de la discriminaci\u00f3n que han sufrido personas que padecen el S\u00edndrome de Inmunodeficiencia Adquirida (Sida), la impulsora de la propuesta, Simey Olvera Bautista, se\u00f1al\u00f3 que el trabajo deber\u00e1 continuar y extenderse a otros sectores.<\/span><\/p>\n<p>  <!--more-->  <\/p>\n<p style=\"margin: 0cm; margin-bottom: .0001pt; text-align: justify;\"><span style=\"mso-bidi-font-size: 13.5pt; color: black;\">\u00a0<\/span><\/p>\n<p style=\"margin: 0cm; margin-bottom: .0001pt; text-align: justify;\"><span style=\"mso-bidi-font-size: 13.5pt; color: black;\">Por lo anterior la diputada del Partido de la Revoluci\u00f3n Democr\u00e1tica (PRD), destac\u00f3 que se requer\u00eda tambi\u00e9n de una reforma a la Ley de Salud, a fin de que se adicionara la fracci\u00f3n XVII BIS, al inciso A, del art\u00edculo 3, \u201ces aqu\u00ed donde se hace el se\u00f1alamiento de que ser\u00e1 la Secretar\u00eda de Salud, la que deber\u00e1 enfatizar la promoci\u00f3n del uso del cond\u00f3n, as\u00ed como implementar las estrategias necesarias para tratar de frenar las estad\u00edsticas de enfermos de sida y de otras enfermedades de transmisi\u00f3n sexual (ETS)\u201d.<\/span><\/p>\n<p style=\"margin: 0cm; margin-bottom: .0001pt; text-align: justify;\"><span style=\"mso-bidi-font-size: 13.5pt; color: black;\">\u00a0<\/span><\/p>\n<p style=\"margin: 0cm; margin-bottom: .0001pt; text-align: justify;\"><span style=\"mso-bidi-font-size: 13.5pt; color: black;\">De igual forma apunt\u00f3, que le corresponder\u00e1 a la dependencia estatal difundir entre la poblaci\u00f3n el uso del cond\u00f3n, adem\u00e1s de que debe dar prioridad a las zonas m\u00e1s vulnerables y con mayor riesgo para contraer el Sida u otra enfermedad, adem\u00e1s de reforzar e implementar nuevas estrategias, todas, en el mismo sentido.<\/span><\/p>\n<p style=\"margin: 0cm; margin-bottom: .0001pt; text-align: justify;\"><span style=\"mso-bidi-font-size: 13.5pt; color: black;\">\u00a0<\/span><\/p>\n<p style=\"margin: 0cm; margin-bottom: .0001pt; text-align: justify;\"><span style=\"mso-bidi-font-size: 13.5pt; color: black;\">Olvera Bautista destac\u00f3 que es tan importante el tema de erradicar y prevenir enfermedades como el de contribuir a que las personas enfermas tengan una mejor calidad de vida, por lo que el tema de la \u201cno discriminaci\u00f3n\u201d, tiene que ir a la par y viceversa, \u201cson un binomio que no se debe separar, se debe avanzar en prevenir y en concientizar\u201d.<\/span><\/p>\n<p>\u00a0<\/p>\n<p style=\"margin: 0cm; margin-bottom: .0001pt; text-align: justify;\"><span style=\"mso-bidi-font-size: 13.5pt; color: black;\">Finalmente, la diputada se\u00f1al\u00f3 que con la propuesta votada a favor en el pleno, las autoridades estatales, municipales y organismos p\u00fablicos deber\u00e1n realizar campa\u00f1as informativas, \u00a0dirigidas a ni\u00f1as, ni\u00f1os y adolescentes, para fomentar el respeto a los derechos humanos de las personas que viven con alg\u00fan tipo de enfermedad.<\/span><\/p>\n","protected":false},"excerpt":{"rendered":"<p>\u00a0 \u00a0Tras la aprobaci\u00f3n de la reforma a la Ley para Prevenir, Atender, Sancionar y Eliminar la Discriminaci\u00f3n, as\u00ed como la Ley de Salud del estado, a fin de contribuir a la erradicaci\u00f3n de la discriminaci\u00f3n que han sufrido personas que padecen el S\u00edndrome de Inmunodeficiencia Adquirida (Sida), la impulsora de la propuesta, Simey Olvera [&hellip;]<\/p>\n","protected":false},"author":6,"featured_media":0,"comment_status":"open","ping_status":"open","sticky":false,"template":"","format":"standard","meta":{"footnotes":""},"categories":[59],"tags":[],"class_list":["post-38319","post","type-post","status-publish","format-standard","hentry","category-general"],"_links":{"self":[{"href":"https:\/\/plazajuarez.mx\/historico\/wp-json\/wp\/v2\/posts\/38319","targetHints":{"allow":["GET"]}}],"collection":[{"href":"https:\/\/plazajuarez.mx\/historico\/wp-json\/wp\/v2\/posts"}],"about":[{"href":"https:\/\/plazajuarez.mx\/historico\/wp-json\/wp\/v2\/types\/post"}],"author":[{"embeddable":true,"href":"https:\/\/plazajuarez.mx\/historico\/wp-json\/wp\/v2\/users\/6"}],"replies":[{"embeddable":true,"href":"https:\/\/plazajuarez.mx\/historico\/wp-json\/wp\/v2\/comments?post=38319"}],"version-history":[{"count":0,"href":"https:\/\/plazajuarez.mx\/historico\/wp-json\/wp\/v2\/posts\/38319\/revisions"}],"wp:attachment":[{"href":"https:\/\/plazajuarez.mx\/historico\/wp-json\/wp\/v2\/media?parent=38319"}],"wp:term":[{"taxonomy":"category","embeddable":true,"href":"https:\/\/plazajuarez.mx\/historico\/wp-json\/wp\/v2\/categories?post=38319"},{"taxonomy":"post_tag","embeddable":true,"href":"https:\/\/plazajuarez.mx\/historico\/wp-json\/wp\/v2\/tags?post=38319"}],"curies":[{"name":"wp","href":"https:\/\/api.w.org\/{rel}","templated":true}]}}