{"id":383,"date":"2015-02-07T06:00:00","date_gmt":"2015-02-07T06:00:00","guid":{"rendered":"http:\/\/plazajuarez.mx\/index\/index.php\/2015\/02\/07\/esperan-incorporar-a-20-mil-personas-en-el-sector-laboral\/"},"modified":"2015-02-07T06:00:00","modified_gmt":"2015-02-07T06:00:00","slug":"esperan-incorporar-a-20-mil-personas-en-el-sector-laboral","status":"publish","type":"post","link":"https:\/\/plazajuarez.mx\/historico\/esperan-incorporar-a-20-mil-personas-en-el-sector-laboral\/","title":{"rendered":"Esperan incorporar a 20 mil personas en el sector laboral"},"content":{"rendered":"<p><strong><span style=\"font-family: verdana, geneva; font-size: 10pt;\">Fernando Fragoso Ortiz, director general del Servicio Estatal de Empleo en Hidalgo, inform\u00f3 que para este 2015 las expectativas de la Secretar\u00eda del Trabajo y Prevenci\u00f3n Social en Hidalgo son vincular a cerca de 20 mil personas al sector laboral, a trav\u00e9s de 14 ferias de empleo en todo el a\u00f1o, 15 jornadas y d\u00edas de empleo, estas \u00faltimas que se realizan constantemente.<\/span><\/strong><\/p>\n<p>  <!--more-->  <\/p>\n<p>\u00a0<\/p>\n<p><span style=\"font-family: verdana, geneva; font-size: 10pt;\">\u00a0<\/span><\/p>\n<p><span style=\"font-family: verdana, geneva; font-size: 10pt;\">Por otro lado, se\u00f1al\u00f3 que tambi\u00e9n se preocupan por las personas que tienen alguna discapacidad, por lo que explic\u00f3\u00a0 que existe un portal especial para este sector a nivel nacional.<\/span><\/p>\n<p><span style=\"font-family: verdana, geneva; font-size: 10pt;\">\u00a0<\/span><\/p>\n<p><span style=\"font-family: verdana, geneva; font-size: 10pt;\">Fragoso Ortiz record\u00f3 que en el\u00a0 a\u00f1o pasado el mandatario estatal Francisco Olvera Ruiz\u00a0 entreg\u00f3 a 11 empresas un distintivo por su apoyo, ya que en la feria de Tizayuca se colocaron 80 personas que ten\u00edan alguna discapacidad.<\/span><\/p>\n<p><span style=\"font-family: verdana, geneva; font-size: 10pt;\">\u00a0<\/span><\/p>\n<p><span style=\"font-family: verdana, geneva; font-size: 10pt;\">Adem\u00e1s lograron un ejercicio de capacitaci\u00f3n de 240 personas.<\/span><\/p>\n<p><span style=\"font-family: verdana, geneva; font-size: 10pt;\">\u00a0<\/span><\/p>\n<p><span style=\"font-family: verdana, geneva; font-size: 10pt;\">\u201cDe igual manera les damos seguimiento para que tengan una iniciativa de ocupaci\u00f3n, no todo es trabajar en empresas, sino que directamente puedan tener su negocios propio\u201d concluy\u00f3.<\/span><\/p>\n","protected":false},"excerpt":{"rendered":"<p>Fernando Fragoso Ortiz, director general del Servicio Estatal de Empleo en Hidalgo, inform\u00f3 que para este 2015 las expectativas de la Secretar\u00eda del Trabajo y Prevenci\u00f3n Social en Hidalgo son vincular a cerca de 20 mil personas al sector laboral, a trav\u00e9s de 14 ferias de empleo en todo el a\u00f1o, 15 jornadas y d\u00edas [&hellip;]<\/p>\n","protected":false},"author":93,"featured_media":0,"comment_status":"open","ping_status":"open","sticky":false,"template":"","format":"standard","meta":{"footnotes":""},"categories":[59],"tags":[],"class_list":["post-383","post","type-post","status-publish","format-standard","hentry","category-general"],"_links":{"self":[{"href":"https:\/\/plazajuarez.mx\/historico\/wp-json\/wp\/v2\/posts\/383","targetHints":{"allow":["GET"]}}],"collection":[{"href":"https:\/\/plazajuarez.mx\/historico\/wp-json\/wp\/v2\/posts"}],"about":[{"href":"https:\/\/plazajuarez.mx\/historico\/wp-json\/wp\/v2\/types\/post"}],"author":[{"embeddable":true,"href":"https:\/\/plazajuarez.mx\/historico\/wp-json\/wp\/v2\/users\/93"}],"replies":[{"embeddable":true,"href":"https:\/\/plazajuarez.mx\/historico\/wp-json\/wp\/v2\/comments?post=383"}],"version-history":[{"count":0,"href":"https:\/\/plazajuarez.mx\/historico\/wp-json\/wp\/v2\/posts\/383\/revisions"}],"wp:attachment":[{"href":"https:\/\/plazajuarez.mx\/historico\/wp-json\/wp\/v2\/media?parent=383"}],"wp:term":[{"taxonomy":"category","embeddable":true,"href":"https:\/\/plazajuarez.mx\/historico\/wp-json\/wp\/v2\/categories?post=383"},{"taxonomy":"post_tag","embeddable":true,"href":"https:\/\/plazajuarez.mx\/historico\/wp-json\/wp\/v2\/tags?post=383"}],"curies":[{"name":"wp","href":"https:\/\/api.w.org\/{rel}","templated":true}]}}