{"id":38296,"date":"2017-03-20T14:48:08","date_gmt":"2017-03-20T14:48:08","guid":{"rendered":"http:\/\/plazajuarez.mx\/index\/index.php\/2017\/03\/20\/populismo-y-democracia\/"},"modified":"2017-03-20T14:48:08","modified_gmt":"2017-03-20T14:48:08","slug":"populismo-y-democracia","status":"publish","type":"post","link":"https:\/\/plazajuarez.mx\/historico\/populismo-y-democracia\/","title":{"rendered":"Populismo y democracia"},"content":{"rendered":"<p>Para explicarse el populismo en el mundo hay que admitir que la gente est\u00e1 fascinada con la decadencia, especialmente la de lo pol\u00edtico, sin reparar en sus consecuencias<\/p>\n<p>  <!--more-->  <\/p>\n<p>Prestar atenci\u00f3n al clima pol\u00edtico y social, siempre es necesario. Pero a\u00fan m\u00e1s en estos tiempos; tiempos que anuncian tormentas y otros meteoros muy destructivos, cuando el negro tornado americano a\u00fan prosigue su furioso trayecto, abatiendo sin pausa ni tregua las instituciones emblem\u00e1ticas de la larga historia democr\u00e1tica de ese pa\u00eds; entre ellas, y sobre todo, la judicatura y la prensa.<br \/>Platicando esto con un antiguo compa\u00f1ero de la prepa, me dec\u00eda que \u00e9l acababa de leer un texto prof\u00e9tico de Baudrillard. En aquel en el que predijo el fin de lo social a la sombra de las mayor\u00edas silenciosas. Aquellas que por grandes y por calladas logran imponerse poco a poco ante los derechos de las minor\u00edas. Esto lo llamaba Stuart Mill, como la \u201ctiran\u00eda de la mayor\u00eda\u201d.<br \/>Unos d\u00edas despu\u00e9s de aquella charla, di con el texto de Baudrillard, cuyo t\u00edtulo podr\u00eda traducirse en algo as\u00ed: En tierra de ciegos\u2026 tiene cosas que es hoy es \u00fatil tenerlas presentes. Anticipa la tr\u00e1gica puesta en escena de las \u00faltimas elecciones generales estadounidenses; propone v\u00edas alternas para ir encontrando la salida al laberinto de las soledades en que se han transmutado las sociedades contempor\u00e1neas, sin darse a la desesperaci\u00f3n.<br \/>\u201cVenimos \u2014dice Baudrillard\u2014 de asistir a una \u00f3pera bufa o a una \u201ccomedia de costumbres\u201d, pol\u00edtica, trampa para los ingenuos de la tierra de ciegos en la que el tuerto es rey. Es la denuncia a los sistemas electorales actuales; el m\u00e9todo democr\u00e1tico pervertido por el populismo, que acaba devorando a la democracia, como si \u00e9sta pudiera reducirse a contar votos \u201ctransparentemente\u201d, en vez de entenderla como un estado de cosas. La democracia es m\u00e1s que levantar la mano. Es un modo de ser del individuo en comunidad, una forma de vida que, dijo Torres Bodet hace muchos a\u00f1os, es una honda convicci\u00f3n nacida de una rigurosa pedagog\u00eda c\u00edvica, hoy empolvada en los s\u00f3tanos del liberalismo.<br \/>Baudrillard advierte el surgimiento (en 2002) del \u201cindiferentismo\u201d en pol\u00edtica, indiferencia, menosprecio y hartazgos colectivos que han olvidado todo y no han aprendido nada. Para explicarse el populismo en el mundo hay que admitir que la gente est\u00e1 fascinada con la decadencia, especialmente la de lo pol\u00edtico, sin reparar en sus consecuencias. Empero, a lo que se ha vuelto indiferente el pueblo es a la idea, al mito de la representaci\u00f3n pol\u00edtica. El cemento de la democracia es la voluntad: la de todos y la de la mayor\u00eda, el dilema c\u00e9lebre de Rousseau que no puede ser resuelto sino mediante esa f\u00f3rmula de representaci\u00f3n. Sin perder de vista que la representaci\u00f3n es algo m\u00e1s que el simple acto de levantar un dedo; implica compromiso social y responsabilidad.<\/p>\n","protected":false},"excerpt":{"rendered":"<p>Para explicarse el populismo en el mundo hay que admitir que la gente est\u00e1 fascinada con la decadencia, especialmente la de lo pol\u00edtico, sin reparar en sus consecuencias<\/p>\n","protected":false},"author":93,"featured_media":0,"comment_status":"open","ping_status":"open","sticky":false,"template":"","format":"standard","meta":{"footnotes":""},"categories":[42],"tags":[],"class_list":["post-38296","post","type-post","status-publish","format-standard","hentry","category-nuestrapalabra"],"_links":{"self":[{"href":"https:\/\/plazajuarez.mx\/historico\/wp-json\/wp\/v2\/posts\/38296","targetHints":{"allow":["GET"]}}],"collection":[{"href":"https:\/\/plazajuarez.mx\/historico\/wp-json\/wp\/v2\/posts"}],"about":[{"href":"https:\/\/plazajuarez.mx\/historico\/wp-json\/wp\/v2\/types\/post"}],"author":[{"embeddable":true,"href":"https:\/\/plazajuarez.mx\/historico\/wp-json\/wp\/v2\/users\/93"}],"replies":[{"embeddable":true,"href":"https:\/\/plazajuarez.mx\/historico\/wp-json\/wp\/v2\/comments?post=38296"}],"version-history":[{"count":0,"href":"https:\/\/plazajuarez.mx\/historico\/wp-json\/wp\/v2\/posts\/38296\/revisions"}],"wp:attachment":[{"href":"https:\/\/plazajuarez.mx\/historico\/wp-json\/wp\/v2\/media?parent=38296"}],"wp:term":[{"taxonomy":"category","embeddable":true,"href":"https:\/\/plazajuarez.mx\/historico\/wp-json\/wp\/v2\/categories?post=38296"},{"taxonomy":"post_tag","embeddable":true,"href":"https:\/\/plazajuarez.mx\/historico\/wp-json\/wp\/v2\/tags?post=38296"}],"curies":[{"name":"wp","href":"https:\/\/api.w.org\/{rel}","templated":true}]}}