{"id":38295,"date":"2017-03-20T14:47:31","date_gmt":"2017-03-20T14:47:31","guid":{"rendered":"http:\/\/plazajuarez.mx\/index\/index.php\/2017\/03\/20\/existe-el-federalismo-en-mexico\/"},"modified":"2017-03-20T14:47:31","modified_gmt":"2017-03-20T14:47:31","slug":"existe-el-federalismo-en-mexico","status":"publish","type":"post","link":"https:\/\/plazajuarez.mx\/historico\/existe-el-federalismo-en-mexico\/","title":{"rendered":"\u00bfExiste el federalismo en M\u00e9xico?"},"content":{"rendered":"<p>En los \u00faltimos a\u00f1os, el Poder Legislativo Federal ha venido configurando un nuevo sistema jur\u00eddico y pol\u00edtico que favorece un modelo central en muchas de las materias de la funci\u00f3n p\u00fablica<\/p>\n<p>  <!--more-->  <\/p>\n<p>El pasado mi\u00e9rcoles 22 organizamos en la Comisi\u00f3n de Reforma del Estado del Senado de la Rep\u00fablica, un foro que llev\u00f3 por t\u00edtulo la gran interrogante de si existe el federalismo en M\u00e9xico. El prop\u00f3sito fue incitar un debate reflexivo con especialistas en la materia en torno a la tendencia centralista que estamos viviendo. El tema puede ser examinado desde diferentes puntos de vista, por ejemplo, su regulaci\u00f3n actual en el texto constitucional mexicano, donde vemos una paulatina e incesante transformaci\u00f3n del r\u00e9gimen federal en una muy concentrada rep\u00fablica unitaria, sin que se haya convocado siquiera a alguna asamblea constituyente para debatir el cambio.<br \/>En los \u00faltimos a\u00f1os, el Poder Legislativo Federal ha venido configurando un nuevo sistema jur\u00eddico y pol\u00edtico que favorece un modelo central en muchas de las materias de la funci\u00f3n p\u00fablica. Este af\u00e1n centralista ha venido restando facultades a los estados, mediante la aprobaci\u00f3n de leyes y reformas constitucionales que facultan al Congreso para legislar y expedir leyes generales en materias que pertenec\u00edan a las entidades federativas.<br \/>Estamos ante un Poder Legislativo que impone criterios a las entidades federativas mediante la aprobaci\u00f3n de casi cien leyes generales y federales; un Poder Ejecutivo cuyas pol\u00edticas van en el mismo sentido, y un Poder Judicial que favorece los criterios federales, en esferas reservadas a los estados.<br \/>Es importante se\u00f1alar que el Pacto Federal exige una doble responsabilidad, tanto de las entidades para la Federaci\u00f3n, como de la Federaci\u00f3n hacia las entidades, y no una tendencia centralizadora que reduce a las entidades federativas, aquellas que nuestra Carta Magna les otorga libertad y soberan\u00eda, en poco m\u00e1s que unidades administrativas.<br \/>Como senador de la Rep\u00fablica siento la obligaci\u00f3n de advertir esta tendencia, puesto que considero que la centralizaci\u00f3n de decisiones trastoca parte de nuestra identidad local; de esa forma diversa de ser en cada uno de nuestros estados. Debemos entender que representamos estados y regiones geopol\u00edtica y geoculturalmente distintas. No hay pues mejor forma de conmemorar nuestra Carta Marga que reflexionando sobre la vigencia de su dise\u00f1o, desde la base que estableci\u00f3 el constituyente al establecer una rep\u00fablica representativa, democr\u00e1tica y laica, bajo un sistema federal.<\/p>\n","protected":false},"excerpt":{"rendered":"<p>En los \u00faltimos a\u00f1os, el Poder Legislativo Federal ha venido configurando un nuevo sistema jur\u00eddico y pol\u00edtico que favorece un modelo central en muchas de las materias de la funci\u00f3n p\u00fablica<\/p>\n","protected":false},"author":93,"featured_media":0,"comment_status":"open","ping_status":"open","sticky":false,"template":"","format":"standard","meta":{"footnotes":""},"categories":[42],"tags":[],"class_list":["post-38295","post","type-post","status-publish","format-standard","hentry","category-nuestrapalabra"],"_links":{"self":[{"href":"https:\/\/plazajuarez.mx\/historico\/wp-json\/wp\/v2\/posts\/38295","targetHints":{"allow":["GET"]}}],"collection":[{"href":"https:\/\/plazajuarez.mx\/historico\/wp-json\/wp\/v2\/posts"}],"about":[{"href":"https:\/\/plazajuarez.mx\/historico\/wp-json\/wp\/v2\/types\/post"}],"author":[{"embeddable":true,"href":"https:\/\/plazajuarez.mx\/historico\/wp-json\/wp\/v2\/users\/93"}],"replies":[{"embeddable":true,"href":"https:\/\/plazajuarez.mx\/historico\/wp-json\/wp\/v2\/comments?post=38295"}],"version-history":[{"count":0,"href":"https:\/\/plazajuarez.mx\/historico\/wp-json\/wp\/v2\/posts\/38295\/revisions"}],"wp:attachment":[{"href":"https:\/\/plazajuarez.mx\/historico\/wp-json\/wp\/v2\/media?parent=38295"}],"wp:term":[{"taxonomy":"category","embeddable":true,"href":"https:\/\/plazajuarez.mx\/historico\/wp-json\/wp\/v2\/categories?post=38295"},{"taxonomy":"post_tag","embeddable":true,"href":"https:\/\/plazajuarez.mx\/historico\/wp-json\/wp\/v2\/tags?post=38295"}],"curies":[{"name":"wp","href":"https:\/\/api.w.org\/{rel}","templated":true}]}}