{"id":38293,"date":"2017-03-20T14:46:54","date_gmt":"2017-03-20T14:46:54","guid":{"rendered":"http:\/\/plazajuarez.mx\/index\/index.php\/2017\/03\/20\/yo-fui-victima-de-violencia-politica-por-ser-mujer\/"},"modified":"2017-03-20T14:46:54","modified_gmt":"2017-03-20T14:46:54","slug":"yo-fui-victima-de-violencia-politica-por-ser-mujer","status":"publish","type":"post","link":"https:\/\/plazajuarez.mx\/historico\/yo-fui-victima-de-violencia-politica-por-ser-mujer\/","title":{"rendered":"Yo fui v\u00edctima de violencia pol\u00edtica por ser mujer"},"content":{"rendered":"<p>La violencia pol\u00edtica en contra de las mujeres aumenta en M\u00e9xico. Es visible, es palpable. Est\u00e1 documentado en demandas ante el Tribunal Electoral y sentencias que le dan la raz\u00f3n a las mujeres violentadas<\/p>\n<p>  <!--more-->  <\/p>\n<p>El dictamen con proyecto de decreto que se aprob\u00f3 en el Senado de la Rep\u00fablica el martes 9 de marzo (un d\u00eda despu\u00e9s del D\u00eda Internacional de la Mujer) es un gran avance, aunque formal, pero que debemos reconocer y difundir. Hoy lo tiene la C\u00e1mara de Diputados para su discusi\u00f3n y aprobaci\u00f3n.<br \/>Este decreto propone reformar la Ley General de Acceso de las Mujeres a una Vida Libre de Violencia, la Ley General de Instituciones y Procedimientos Electorales, la Ley General de Partidos Pol\u00edticos, la Ley General en Materia de Delitos Electorales y la Ley General del Sistema de Medios de Impugnaci\u00f3n, para incorporar la violencia pol\u00edtica en raz\u00f3n de g\u00e9nero, regular procedimientos y definir autoridades competentes para sancionar.<br \/>Por fin se reconoce que en M\u00e9xico existe la violencia pol\u00edtica. Se materializa nuevamente en las leyes lo que el TEPJF, el INE y la Fepade, ante la inacci\u00f3n del Legislativo (obvio no me refiero a las senadoras y diputadas valientes que nunca han quitado el dedo del rengl\u00f3n), hicieron con anterioridad.<br \/>A\u00f1os se tardaron las legisladoras en lograrlo. Nunca podr\u00e9 olvidar c\u00f3mo funcionarios de \u2018alto rango\u2019 les exig\u00edan que les probaran los casos de violencia pol\u00edtica contra mujeres. Les dec\u00edan: \u201ceso no existe\u201d, \u201cya no saben qu\u00e9 inventar\u201d. A m\u00ed me llegaron a decir: \u201c\u00bfNo se conforman con las cuotas?\u201d; \u201cJam\u00e1s llegar\u00e1s a la Suprema Corte si no te olvidas de esa m\u2026da de la paridad horizontal\u201d, y un largo etc\u00e9tera.<br \/>Desafortunadamente, nuevamente se impusieron los machos, y no se avanz\u00f3 en la tipificaci\u00f3n de la violencia pol\u00edtica como delito electoral.<br \/>\u00bfQu\u00e9 se logr\u00f3 en el \u00e1mbito penal? En la Ley General de Delitos Electorales se propone el aumento de las penas hasta en una mitad, en algunos de los tipos penales electorales ya vigentes, \u201ccuando las conductas ah\u00ed se\u00f1aladas se cometan en perjuicio de una mujer que participe en pol\u00edtica por el hecho de ser mujer\u201d. Desafortunadamente estos delitos est\u00e1n muy lejos de reflejar las conductas que se cometen en contra de las mujeres en las elecciones y en el ejercicio del cargo. \u00bfQu\u00e9 les pasa? La violencia pol\u00edtica en contra de las mujeres no se concentra en el terreno de la presi\u00f3n a funcionarios de casilla, la compra y coacci\u00f3n del voto. \u00a1No!<br \/>Queremos que se tipifique directa y claramente como delito, y se sancione la violencia pol\u00edtica en raz\u00f3n de g\u00e9nero. Si yo, como entonces magistrada de la Sala Superior del TEPJF fui objeto de violencia pol\u00edtica, imag\u00ednense las mujeres m\u00e1s desprotegidas en los espacios municipales que se rigen bajo los sistemas tradicionales de elecci\u00f3n de sus autoridades (fui excluida de los comit\u00e9s de magistrados una vez que concluy\u00f3 mi periodo de 4 a\u00f1os de presidenta; se me ocultaba informaci\u00f3n institucional; fui retada por un magistrado\u2026 y no hay instancia para denunciar la violencia pol\u00edtica por raz\u00f3n de g\u00e9nero, menos a esos niveles).<br \/>No podemos tapar el sol con un dedo. La violencia pol\u00edtica en contra de las mujeres aumenta en M\u00e9xico. Es visible, es palpable. Est\u00e1 documentado en demandas ante el Tribunal Electoral y sentencias que le dan la raz\u00f3n a las mujeres violentadas. Estos casos se utilizan en los discursos y en las exposiciones de motivos. Deber\u00eda darnos verg\u00fcenza mencionarlos como Estado. Va un ejemplo: el caso de la magistrada del Tribunal Electoral de San Luis Potos\u00ed, donde la Sala Superior del TEPJF resolvi\u00f3 que era responsable de acoso laboral el presidente y un magistrado de aquel Tribunal, y en la sentencia vincul\u00f3 al Senado a sancionarlos, por ser el \u00f3rgano que los nombr\u00f3. \u00bfQu\u00e9 hizo el Senado? Se declar\u00f3 incompetente. \u00bfEntonces qui\u00e9n puede sancionar a los integrantes de los tribunales electorales?, pues seg\u00fan senadores y varias senadoras, nadie.<br \/>Las mujeres ganamos terreno en el reconocimiento formal de nuestros derechos; en la representaci\u00f3n pol\u00edtica somos ejemplo mundial, pero esta situaci\u00f3n no les gusta a muchos, y la respuesta ha sido la violencia pol\u00edtica. Naciones Unidas (ONU Mujeres) y la OEA (CIM) han reconocido el avance mexicano, pero siguen de cerca casos lamentables y nos acompa\u00f1an. Espero que la C\u00e1mara de Diputados apruebe estas reformas tan importantes, y que en la Ley General de Delitos Electorales, pronto, muy pronto, se tipifique la violencia pol\u00edtica en contra de las mujeres, por el hecho de ser mujeres. Ya no estamos dispuestas a seguir escuchando: \u201cYa ser\u00e1 en otro momento. Poco a poco mujeres, no pidan tanto\u2026\u201d.<br \/>Correo: alanisfigueroaster@gmail.com<\/p>\n","protected":false},"excerpt":{"rendered":"<p>La violencia pol\u00edtica en contra de las mujeres aumenta en M\u00e9xico. Es visible, es palpable. Est\u00e1 documentado en demandas ante el Tribunal Electoral y sentencias que le dan la raz\u00f3n a las mujeres violentadas<\/p>\n","protected":false},"author":93,"featured_media":0,"comment_status":"open","ping_status":"open","sticky":false,"template":"","format":"standard","meta":{"footnotes":""},"categories":[42],"tags":[],"class_list":["post-38293","post","type-post","status-publish","format-standard","hentry","category-nuestrapalabra"],"_links":{"self":[{"href":"https:\/\/plazajuarez.mx\/historico\/wp-json\/wp\/v2\/posts\/38293","targetHints":{"allow":["GET"]}}],"collection":[{"href":"https:\/\/plazajuarez.mx\/historico\/wp-json\/wp\/v2\/posts"}],"about":[{"href":"https:\/\/plazajuarez.mx\/historico\/wp-json\/wp\/v2\/types\/post"}],"author":[{"embeddable":true,"href":"https:\/\/plazajuarez.mx\/historico\/wp-json\/wp\/v2\/users\/93"}],"replies":[{"embeddable":true,"href":"https:\/\/plazajuarez.mx\/historico\/wp-json\/wp\/v2\/comments?post=38293"}],"version-history":[{"count":0,"href":"https:\/\/plazajuarez.mx\/historico\/wp-json\/wp\/v2\/posts\/38293\/revisions"}],"wp:attachment":[{"href":"https:\/\/plazajuarez.mx\/historico\/wp-json\/wp\/v2\/media?parent=38293"}],"wp:term":[{"taxonomy":"category","embeddable":true,"href":"https:\/\/plazajuarez.mx\/historico\/wp-json\/wp\/v2\/categories?post=38293"},{"taxonomy":"post_tag","embeddable":true,"href":"https:\/\/plazajuarez.mx\/historico\/wp-json\/wp\/v2\/tags?post=38293"}],"curies":[{"name":"wp","href":"https:\/\/api.w.org\/{rel}","templated":true}]}}