{"id":38265,"date":"2017-03-20T14:22:32","date_gmt":"2017-03-20T14:22:32","guid":{"rendered":"http:\/\/plazajuarez.mx\/index\/index.php\/2017\/03\/20\/fernando-del-solar-y-su-impresionante-cambio-de-look\/"},"modified":"2017-03-20T14:22:32","modified_gmt":"2017-03-20T14:22:32","slug":"fernando-del-solar-y-su-impresionante-cambio-de-look","status":"publish","type":"post","link":"https:\/\/plazajuarez.mx\/historico\/fernando-del-solar-y-su-impresionante-cambio-de-look\/","title":{"rendered":"Fernando del Solar y su impresionante cambio de &#8220;look&#8221;"},"content":{"rendered":"<p>Impresionantes im\u00e1genes de Fernando del Solar circulan en las redes sociales. En su cuenta de Instagram, el argentino sorprendi\u00f3 a sus seguidores con un extra\u00f1o cambio de &#8220;look&#8221;.<\/p>\n<p>  <!--more-->  <\/p>\n<p>En las fotograf\u00edas se aprecia al conductor con una excelente caracterizaci\u00f3n, en la cual de un momento a otro pas\u00f3 de ser el atractivo Fer del Solar para convertirse en &#8220;Memo Palacios&#8221;, un hombre regordete y de pelo rubio y largo.<br \/>El cambio se debe a la participaci\u00f3n del actor en la serie &#8220;Mula de tres&#8221;, producida por Televisa.<br \/>Las reacciones no se hicieron esperar, ya que la imagen cuenta con m\u00e1s de 2 mil &#8220;me gusta&#8221; y est\u00e1 repleta de comentarios como: &#8220;T\u00fa eres hermoso de todas formas&#8221;, &#8220;jajajaja irreconocible&#8221;, &#8220;suerte y \u00e9xito&#8221;, &#8220;guapo, con esos ojos que te preocupa, ya te queremos ver\u2026!!!!!&#8221;.<\/p>\n","protected":false},"excerpt":{"rendered":"<p>Impresionantes im\u00e1genes de Fernando del Solar circulan en las redes sociales. En su cuenta de Instagram, el argentino sorprendi\u00f3 a sus seguidores con un extra\u00f1o cambio de &#8220;look&#8221;.<\/p>\n","protected":false},"author":93,"featured_media":0,"comment_status":"open","ping_status":"open","sticky":false,"template":"","format":"standard","meta":{"footnotes":""},"categories":[38],"tags":[],"class_list":["post-38265","post","type-post","status-publish","format-standard","hentry","category-show"],"_links":{"self":[{"href":"https:\/\/plazajuarez.mx\/historico\/wp-json\/wp\/v2\/posts\/38265","targetHints":{"allow":["GET"]}}],"collection":[{"href":"https:\/\/plazajuarez.mx\/historico\/wp-json\/wp\/v2\/posts"}],"about":[{"href":"https:\/\/plazajuarez.mx\/historico\/wp-json\/wp\/v2\/types\/post"}],"author":[{"embeddable":true,"href":"https:\/\/plazajuarez.mx\/historico\/wp-json\/wp\/v2\/users\/93"}],"replies":[{"embeddable":true,"href":"https:\/\/plazajuarez.mx\/historico\/wp-json\/wp\/v2\/comments?post=38265"}],"version-history":[{"count":0,"href":"https:\/\/plazajuarez.mx\/historico\/wp-json\/wp\/v2\/posts\/38265\/revisions"}],"wp:attachment":[{"href":"https:\/\/plazajuarez.mx\/historico\/wp-json\/wp\/v2\/media?parent=38265"}],"wp:term":[{"taxonomy":"category","embeddable":true,"href":"https:\/\/plazajuarez.mx\/historico\/wp-json\/wp\/v2\/categories?post=38265"},{"taxonomy":"post_tag","embeddable":true,"href":"https:\/\/plazajuarez.mx\/historico\/wp-json\/wp\/v2\/tags?post=38265"}],"curies":[{"name":"wp","href":"https:\/\/api.w.org\/{rel}","templated":true}]}}