{"id":38264,"date":"2017-03-20T14:22:17","date_gmt":"2017-03-20T14:22:17","guid":{"rendered":"http:\/\/plazajuarez.mx\/index\/index.php\/2017\/03\/20\/no-tengo-planes-de-morir-pau-dones-en-el-vive-latino\/"},"modified":"2017-03-20T14:22:17","modified_gmt":"2017-03-20T14:22:17","slug":"no-tengo-planes-de-morir-pau-dones-en-el-vive-latino","status":"publish","type":"post","link":"https:\/\/plazajuarez.mx\/historico\/no-tengo-planes-de-morir-pau-dones-en-el-vive-latino\/","title":{"rendered":"\u201cNo tengo planes de morir\u201d: Pau Don\u00e9s en el Vive Latino"},"content":{"rendered":"<p>Pau Don\u00e9s volvi\u00f3 a M\u00e9xico junto a Jarabe de Palo. El Vive Latino en su edici\u00f3n 18 represent\u00f3 su vuelta a los escenarios, despu\u00e9s de dos a\u00f1os desde que se le diagnostic\u00f3 el c\u00e1ncer de colon y del que recientemente anunci\u00f3 volvi\u00f3 a su organismo. \u201cNo tengo planes de morir\u201d, dijo.<\/p>\n<p>  <!--more-->  <\/p>\n<p>En la primera jornada del festival, que reuni\u00f3 a 80 mil asistentes, lo que anteriormente denomin\u00f3 \u201cel cangrejo\u201d (su tumor) no le impidi\u00f3 saltar y mostrarse en\u00e9rgico junto a su banda. No ten\u00eda que decir nada, pues todo lo dijo poniendo su voz a \u201cEl rey\u201d, canci\u00f3n mexicana que le dio fuerzas en sus momentos dif\u00edciles. Para eso le puso m\u00e1s sentimiento con su ukulele.<br \/>El repertorio expuesto ante un escenario abarrotado y en donde no cab\u00eda ni un alma m\u00e1s, dio inicio con \u201cBonito\u201d, \u201cGrita\u201d y \u201cEl bosque de palo\u201d, en medio de la promoci\u00f3n de su \u00faltimo \u00e1lbum titulado 50 palos, tal como la actual edad de su cantante. <br \/>Previo a su presentaci\u00f3n el espa\u00f1ol brind\u00f3 una conferencia de prensa en la que fue cuestionado sobre su enfermedad y, aunque habl\u00f3 de ello, prefiri\u00f3 enfocarse a lo plenamente musical. A los j\u00f3venes se atrevi\u00f3 a darles consejo para disfrutar la vida, ser felices y hacer lo que quieran.<\/p>\n","protected":false},"excerpt":{"rendered":"<p>Pau Don\u00e9s volvi\u00f3 a M\u00e9xico junto a Jarabe de Palo. El Vive Latino en su edici\u00f3n 18 represent\u00f3 su vuelta a los escenarios, despu\u00e9s de dos a\u00f1os desde que se le diagnostic\u00f3 el c\u00e1ncer de colon y del que recientemente anunci\u00f3 volvi\u00f3 a su organismo. \u201cNo tengo planes de morir\u201d, dijo.<\/p>\n","protected":false},"author":93,"featured_media":0,"comment_status":"open","ping_status":"open","sticky":false,"template":"","format":"standard","meta":{"footnotes":""},"categories":[38],"tags":[],"class_list":["post-38264","post","type-post","status-publish","format-standard","hentry","category-show"],"_links":{"self":[{"href":"https:\/\/plazajuarez.mx\/historico\/wp-json\/wp\/v2\/posts\/38264","targetHints":{"allow":["GET"]}}],"collection":[{"href":"https:\/\/plazajuarez.mx\/historico\/wp-json\/wp\/v2\/posts"}],"about":[{"href":"https:\/\/plazajuarez.mx\/historico\/wp-json\/wp\/v2\/types\/post"}],"author":[{"embeddable":true,"href":"https:\/\/plazajuarez.mx\/historico\/wp-json\/wp\/v2\/users\/93"}],"replies":[{"embeddable":true,"href":"https:\/\/plazajuarez.mx\/historico\/wp-json\/wp\/v2\/comments?post=38264"}],"version-history":[{"count":0,"href":"https:\/\/plazajuarez.mx\/historico\/wp-json\/wp\/v2\/posts\/38264\/revisions"}],"wp:attachment":[{"href":"https:\/\/plazajuarez.mx\/historico\/wp-json\/wp\/v2\/media?parent=38264"}],"wp:term":[{"taxonomy":"category","embeddable":true,"href":"https:\/\/plazajuarez.mx\/historico\/wp-json\/wp\/v2\/categories?post=38264"},{"taxonomy":"post_tag","embeddable":true,"href":"https:\/\/plazajuarez.mx\/historico\/wp-json\/wp\/v2\/tags?post=38264"}],"curies":[{"name":"wp","href":"https:\/\/api.w.org\/{rel}","templated":true}]}}