{"id":382,"date":"2015-02-07T06:00:00","date_gmt":"2015-02-07T06:00:00","guid":{"rendered":"http:\/\/plazajuarez.mx\/index\/index.php\/2015\/02\/07\/contraloria-brinda-capacitacion\/"},"modified":"2015-02-07T06:00:00","modified_gmt":"2015-02-07T06:00:00","slug":"contraloria-brinda-capacitacion","status":"publish","type":"post","link":"https:\/\/plazajuarez.mx\/historico\/contraloria-brinda-capacitacion\/","title":{"rendered":"Contralor\u00eda brinda capacitaci\u00f3n"},"content":{"rendered":"<p><strong><span style=\"font-family: verdana, geneva; font-size: 10pt;\">Con la firme visi\u00f3n de que en el Gobierno del Estado de Hidalgo existe el compromiso \u00a0real de consolidar un gobierno que responda con resultados a las demandas y problemas de nuestra sociedad, la contralor\u00eda brinda capacitaci\u00f3n\u00a0 a su personal.<\/span><\/strong><\/p>\n<p>  <!--more-->  <\/p>\n<p>\u00a0<\/p>\n<p><span style=\"font-family: verdana, geneva; font-size: 10pt;\">Luego de reiterar que todo ello ha sido instrucci\u00f3n del gobernador, Jos\u00e9 Francisco Olvera Ruiz, la Secretar\u00eda de Contralor\u00eda y Transparencia Gubernamental, en coordinaci\u00f3n con la Secretar\u00eda de la Funci\u00f3n P\u00fablica realizaron un taller de capacitaci\u00f3n dirigido a los servidores p\u00fablicos que la conforma.<\/span><\/p>\n<p><span style=\"font-family: verdana, geneva; font-size: 10pt;\">Al respecto, la titular de la Secretar\u00eda de Contralor\u00eda en la entidad, Flor de Mar\u00eda L\u00f3pez Gonz\u00e1lez, destac\u00f3 la importancia de este taller, dado que los servidores p\u00fablicos, dijo, deben fungir como un factor de cambio en la administraci\u00f3n p\u00fablica.<\/span><\/p>\n<p><span style=\"font-family: verdana, geneva; font-size: 10pt;\">Recalc\u00f3 que actualmente, todos los servidores p\u00fablicos deben ser evaluados en su desempe\u00f1o y es por ello que reciben capacitaci\u00f3n para fortalecer sus capacidades, de ah\u00ed que durante el taller en menci\u00f3n se trataron temas como: Gasto federalizado, obra p\u00fablica, responsabilidades administrativas y contabilidad gubernamental.<\/span><\/p>\n<p><span style=\"font-family: verdana, geneva; font-size: 10pt;\">Al tener dichos conocimientos y seguir prepar\u00e1ndose, Flor de Mar\u00eda L\u00f3pez resalt\u00f3 que con ello se est\u00e1 en posibilidades de brindar m\u00e1s y mejores resultados para todos los y las hidalguenses.<\/span><\/p>\n<p><span style=\"font-family: verdana, geneva; font-size: 10pt;\">Finalmente, es importante mencionar que dicho taller, cuya duraci\u00f3n fue de dos d\u00edas, estuvo presente David Negrete Casta\u00f1\u00f3n, director general de Mejora de la Gesti\u00f3n P\u00fablica, quien encabez\u00f3 al equipo de funcionarios de la Secretar\u00eda de la Funci\u00f3n P\u00fablica \u00a0que impartieron la capacitaci\u00f3n en menci\u00f3n.<\/span><\/p>\n<p>\u00a0<\/p>\n","protected":false},"excerpt":{"rendered":"<p>Con la firme visi\u00f3n de que en el Gobierno del Estado de Hidalgo existe el compromiso \u00a0real de consolidar un gobierno que responda con resultados a las demandas y problemas de nuestra sociedad, la contralor\u00eda brinda capacitaci\u00f3n\u00a0 a su personal.<\/p>\n","protected":false},"author":93,"featured_media":0,"comment_status":"open","ping_status":"open","sticky":false,"template":"","format":"standard","meta":{"footnotes":""},"categories":[59],"tags":[],"class_list":["post-382","post","type-post","status-publish","format-standard","hentry","category-general"],"_links":{"self":[{"href":"https:\/\/plazajuarez.mx\/historico\/wp-json\/wp\/v2\/posts\/382","targetHints":{"allow":["GET"]}}],"collection":[{"href":"https:\/\/plazajuarez.mx\/historico\/wp-json\/wp\/v2\/posts"}],"about":[{"href":"https:\/\/plazajuarez.mx\/historico\/wp-json\/wp\/v2\/types\/post"}],"author":[{"embeddable":true,"href":"https:\/\/plazajuarez.mx\/historico\/wp-json\/wp\/v2\/users\/93"}],"replies":[{"embeddable":true,"href":"https:\/\/plazajuarez.mx\/historico\/wp-json\/wp\/v2\/comments?post=382"}],"version-history":[{"count":0,"href":"https:\/\/plazajuarez.mx\/historico\/wp-json\/wp\/v2\/posts\/382\/revisions"}],"wp:attachment":[{"href":"https:\/\/plazajuarez.mx\/historico\/wp-json\/wp\/v2\/media?parent=382"}],"wp:term":[{"taxonomy":"category","embeddable":true,"href":"https:\/\/plazajuarez.mx\/historico\/wp-json\/wp\/v2\/categories?post=382"},{"taxonomy":"post_tag","embeddable":true,"href":"https:\/\/plazajuarez.mx\/historico\/wp-json\/wp\/v2\/tags?post=382"}],"curies":[{"name":"wp","href":"https:\/\/api.w.org\/{rel}","templated":true}]}}