{"id":38012,"date":"2017-03-15T12:31:01","date_gmt":"2017-03-15T12:31:01","guid":{"rendered":"http:\/\/plazajuarez.mx\/index\/index.php\/2017\/03\/15\/aseguran-que-jose-jose-padece-cancer-de-pancreas\/"},"modified":"2017-03-15T12:31:01","modified_gmt":"2017-03-15T12:31:01","slug":"aseguran-que-jose-jose-padece-cancer-de-pancreas","status":"publish","type":"post","link":"https:\/\/plazajuarez.mx\/historico\/aseguran-que-jose-jose-padece-cancer-de-pancreas\/","title":{"rendered":"Aseguran que Jos\u00e9 Jos\u00e9 padece c\u00e1ncer de p\u00e1ncreas"},"content":{"rendered":"<p>Se trata de un tipo de c\u00e1ncer agresivo y que en su caso no es operable<\/p>\n<p>  <!--more-->  <\/p>\n<p>Jos\u00e9 Jos\u00e9, \u201cel Pr\u00edncipe de la Canci\u00f3n\u201d, ingres\u00f3 al hospital la semana pasada y el d\u00eda de ayer volvi\u00f3 a estar internado. Aunque la familia toc\u00f3 el tema con hermetismo, el diagn\u00f3stico m\u00e9dico es un adenocarcinoma en p\u00e1ncreas, lo que significa un tipo de c\u00e1ncer agresivo y que en su caso no es operable.<br \/>Aunque sus hijos Marysol y Jos\u00e9 Joel dijeron que se trataba de una revisi\u00f3n de rutina, Jos\u00e9 Jos\u00e9 fue nuevamente internado por sus comorbilidades, es decir, los otros padecimientos que lo quejan entre los que se encuentran diabetes, la enfermedad de Lyme y problemas en la cadera.<br \/>En 2007, el cantante sufri\u00f3 de par\u00e1lisis facial y hace ocho a\u00f1os se le detect\u00f3 la enfermedad de Lyme, lo que tambi\u00e9n le ha tra\u00eddo diversos problemas de salud.<br \/>Jos\u00e9 Jos\u00e9 coment\u00f3 en 2014 que ten\u00eda esperanzas de recuperar su voz si se lograba aislar la bacteria de Lyme.<br \/>En ese momento revel\u00f3 que en ocasiones le aplicaban inyecciones de cortisona para poder cantar y eso le caus\u00f3 estragos en los vasos sangu\u00edneos.<\/p>\n","protected":false},"excerpt":{"rendered":"<p>Se trata de un tipo de c\u00e1ncer agresivo y que en su caso no es operable<\/p>\n","protected":false},"author":93,"featured_media":0,"comment_status":"open","ping_status":"open","sticky":false,"template":"","format":"standard","meta":{"footnotes":""},"categories":[38],"tags":[],"class_list":["post-38012","post","type-post","status-publish","format-standard","hentry","category-show"],"_links":{"self":[{"href":"https:\/\/plazajuarez.mx\/historico\/wp-json\/wp\/v2\/posts\/38012","targetHints":{"allow":["GET"]}}],"collection":[{"href":"https:\/\/plazajuarez.mx\/historico\/wp-json\/wp\/v2\/posts"}],"about":[{"href":"https:\/\/plazajuarez.mx\/historico\/wp-json\/wp\/v2\/types\/post"}],"author":[{"embeddable":true,"href":"https:\/\/plazajuarez.mx\/historico\/wp-json\/wp\/v2\/users\/93"}],"replies":[{"embeddable":true,"href":"https:\/\/plazajuarez.mx\/historico\/wp-json\/wp\/v2\/comments?post=38012"}],"version-history":[{"count":0,"href":"https:\/\/plazajuarez.mx\/historico\/wp-json\/wp\/v2\/posts\/38012\/revisions"}],"wp:attachment":[{"href":"https:\/\/plazajuarez.mx\/historico\/wp-json\/wp\/v2\/media?parent=38012"}],"wp:term":[{"taxonomy":"category","embeddable":true,"href":"https:\/\/plazajuarez.mx\/historico\/wp-json\/wp\/v2\/categories?post=38012"},{"taxonomy":"post_tag","embeddable":true,"href":"https:\/\/plazajuarez.mx\/historico\/wp-json\/wp\/v2\/tags?post=38012"}],"curies":[{"name":"wp","href":"https:\/\/api.w.org\/{rel}","templated":true}]}}