{"id":38009,"date":"2017-03-15T12:28:28","date_gmt":"2017-03-15T12:28:28","guid":{"rendered":"http:\/\/plazajuarez.mx\/index\/index.php\/2017\/03\/15\/pequeno-picasso-afgano-en-campamento-de-refugiados-serbio\/"},"modified":"2017-03-15T12:28:28","modified_gmt":"2017-03-15T12:28:28","slug":"pequeno-picasso-afgano-en-campamento-de-refugiados-serbio","status":"publish","type":"post","link":"https:\/\/plazajuarez.mx\/historico\/pequeno-picasso-afgano-en-campamento-de-refugiados-serbio\/","title":{"rendered":"&#8216;Peque\u00f1o Picasso&#8217; afgano en campamento de refugiados serbio"},"content":{"rendered":"<p>Farhad y su familia son parte de varios miles de migrantes que est\u00e1n varados en Serbia<\/p>\n<p>  <!--more-->  <\/p>\n<p>A Farhad Nouri se le conoce como el &#8220;Peque\u00f1o Picasso&#8221; en este campamento de refugiados.<br \/>Este ni\u00f1o afgano de 10 a\u00f1os, que est\u00e1 varado en Serbia con sus padres y dos hermanos menores, se gan\u00f3 ese apodo por dos razones: sabe dibujar y venera a Pablo Picasso.<br \/>&#8220;Un d\u00eda har\u00e9 un dibujo de Picasso tambi\u00e9n&#8221;, asegura Nouri con una amplia sonrisa.<br \/>Por ahora, Nouri ha hecho dibujos de la canciller alemana Angela Merkel, de la actriz Angelina Jolie, de Salvador Dal\u00ed y del tenista serbio Novak Djokovic, entre otros.<br \/>Su talento lo ha convertido en una celebridad local. Hace poco conoci\u00f3 al actor estadounidense Mady Patinkin, quien trabaja con refugiados para el International Rescue Committee y ha exhortado al presidente estadounidense Donald Trump a que sea m\u00e1s comprensivo con los desplazados de zonas en conflicto.<br \/>A Nouri le gusta hacer retratos de sus parientes y de sus amigos, dibujar castillos, la naturaleza y cualquier cosa que le venga en mente. La pintura, dice, lo ha ayudado a sobrevivir las penurias vividas al escapar de su pa\u00eds.<br \/>&#8220;Pasamos por Turqu\u00eda, por Grecia&#8221;, cuanta el muchacho. &#8220;Aqu\u00ed en el campamento me gusta pintar, me gusta expresar mis sentimientos y dibujar caras&#8221;.<br \/>La familia de Nouri es parte de varios miles de migrantes que est\u00e1n varados en Serbia, tratando de llegar a Europa occidental en momentos en que los pa\u00edses restringen mucho el ingreso de migrantes y aumenta el rechazo a la inmigraci\u00f3n.<br \/>La semana pasada, la vecina Hungr\u00eda endureci\u00f3 los requisitos del asilo, disponiendo incluso que los migrantes sean alojados en contenedores de carga en la frontera.<br \/>Nouri dijo que a su familia le gustar\u00eda ir a Suiza o a Estados Unidos. A medida que pasa el tiempo, se va olvidando de su vida en Afganist\u00e1n, cuenta el ni\u00f1o.<br \/>&#8220;Me acuerdo de la puerta cuando nos \u00edbamos, me acuerdo de ese d\u00eda&#8221;, se\u00f1ala. &#8220;Si me concentro mucho, recuerdo algunas cosas&#8221;.<br \/>La casa temporal de los Nouri en Serbia, donde la familia ha solicitado asilo, es un cuarto estrecho y h\u00famedo con catres, un armario y una peque\u00f1a mesa.<br \/>Es un edificio que alguna vez aloj\u00f3 a trabajadores y que sirvi\u00f3 como centro para refugiados durante las guerras de la antigua Yugoslavia en la d\u00e9cada del 90.<br \/>Nouri dijo que juega con otros ni\u00f1os refugiados y asiste a clases de serbio. Generalmente dibuja de noche, en su cama, cuando no hay bulla afuera.<br \/>&#8220;Aprendo solo. A veces veo videos en YouTube y aprendo&#8221;, indic\u00f3.<br \/>Nouri espera que su familia pueda iniciar una nueva vida en Suiza. Sue\u00f1a con ser alg\u00fan d\u00eda pintor y fot\u00f3grafo. Tambi\u00e9n quiere tocar guitarra.<\/p>\n","protected":false},"excerpt":{"rendered":"<p>Farhad y su familia son parte de varios miles de migrantes que est\u00e1n varados en Serbia<\/p>\n","protected":false},"author":93,"featured_media":0,"comment_status":"open","ping_status":"open","sticky":false,"template":"","format":"standard","meta":{"footnotes":""},"categories":[41],"tags":[],"class_list":["post-38009","post","type-post","status-publish","format-standard","hentry","category-arteria-cultural"],"_links":{"self":[{"href":"https:\/\/plazajuarez.mx\/historico\/wp-json\/wp\/v2\/posts\/38009","targetHints":{"allow":["GET"]}}],"collection":[{"href":"https:\/\/plazajuarez.mx\/historico\/wp-json\/wp\/v2\/posts"}],"about":[{"href":"https:\/\/plazajuarez.mx\/historico\/wp-json\/wp\/v2\/types\/post"}],"author":[{"embeddable":true,"href":"https:\/\/plazajuarez.mx\/historico\/wp-json\/wp\/v2\/users\/93"}],"replies":[{"embeddable":true,"href":"https:\/\/plazajuarez.mx\/historico\/wp-json\/wp\/v2\/comments?post=38009"}],"version-history":[{"count":0,"href":"https:\/\/plazajuarez.mx\/historico\/wp-json\/wp\/v2\/posts\/38009\/revisions"}],"wp:attachment":[{"href":"https:\/\/plazajuarez.mx\/historico\/wp-json\/wp\/v2\/media?parent=38009"}],"wp:term":[{"taxonomy":"category","embeddable":true,"href":"https:\/\/plazajuarez.mx\/historico\/wp-json\/wp\/v2\/categories?post=38009"},{"taxonomy":"post_tag","embeddable":true,"href":"https:\/\/plazajuarez.mx\/historico\/wp-json\/wp\/v2\/tags?post=38009"}],"curies":[{"name":"wp","href":"https:\/\/api.w.org\/{rel}","templated":true}]}}