{"id":37880,"date":"2017-03-12T13:56:03","date_gmt":"2017-03-12T13:56:03","guid":{"rendered":"http:\/\/plazajuarez.mx\/index\/index.php\/2017\/03\/12\/con-geoparque-se-tendran-que-hacer-nuevas-legislaciones\/"},"modified":"2017-03-12T13:56:03","modified_gmt":"2017-03-12T13:56:03","slug":"con-geoparque-se-tendran-que-hacer-nuevas-legislaciones","status":"publish","type":"post","link":"https:\/\/plazajuarez.mx\/historico\/con-geoparque-se-tendran-que-hacer-nuevas-legislaciones\/","title":{"rendered":"Con Geoparque se tendr\u00e1n que hacer nuevas legislaciones"},"content":{"rendered":"<p>Conservaci\u00f3n de infraestructura, regulaci\u00f3n de predios y tratamiento de la basura<br \/>Para abril se tendr\u00e1 que viajar a Francia a obtener la denominaci\u00f3n<\/p>\n<p>  <!--more-->  <\/p>\n<p>Un 99.9 por ciento de las acciones necesarias para obtener la denominaci\u00f3n del Geoparque es lo que se lleva al momento, inform\u00f3 el Secretario de Turismo del Estado, Eduardo Javier Ba\u00f1os G\u00f3mez, quien agreg\u00f3 que con el nombramiento se tendr\u00e1n que hacer nuevas legislaciones dentro de los municipios que integran el proyecto.<br \/>En este tema, inform\u00f3 que para fines del mes de abril o principios de mayo se tendr\u00e1 que viajar a Francia a obtener la denominaci\u00f3n, puesto que se han cumplido con todos los requerimientos del comit\u00e9 desde su \u00faltima visita.<br \/>No obstante, Ba\u00f1os G\u00f3mez se\u00f1al\u00f3 que ante el nombramiento se deber\u00e1 aplicar nuevas legislaciones para comprometerse a la preservaci\u00f3n de la riqueza y diversidad en cuanto a recursos naturales, infraestructura y primordialmente la flora y fauna \u00fanica en el mundo en una determinada regi\u00f3n. <br \/>Por ello, dijo, trabajar\u00e1n en capacitaci\u00f3n ciudadana y programas sociales para el tema de la basura, en donde no s\u00f3lo los habitantes sino los turistas tengan la cultura del reciclaje y la clasificaci\u00f3n de los desechos, adem\u00e1s de la regulaci\u00f3n de uso de suelo, permitiendo conservar terrenos que sean parte del atractivo del geoparque y evitando una venta descontrolada de ellos.<br \/>Al considerar que este proyecto ser\u00e1 el primero en M\u00e9xico y el tercero en Am\u00e9rica Latina se permitir\u00e1 una promoci\u00f3n tur\u00edstica importante, por lo que mencion\u00f3 es primordial estar preparados para la llegada de miles y millones de visitantes a nivel mundial.<br \/>Sin embargo, est\u00e1n preparando solucionar temas de conservaci\u00f3n como en el caso de la extracci\u00f3n de obsidiana de una mina en Hidalgo donde los chinos se est\u00e1n llevando de manera descontrolada este mineral que es \u00fanico en el mundo, reconoci\u00f3 el secretario.<\/p>\n","protected":false},"excerpt":{"rendered":"<p>Conservaci\u00f3n de infraestructura, regulaci\u00f3n de predios y tratamiento de la basuraPara abril se tendr\u00e1 que viajar a Francia a obtener la denominaci\u00f3n<\/p>\n","protected":false},"author":93,"featured_media":0,"comment_status":"open","ping_status":"open","sticky":false,"template":"","format":"standard","meta":{"footnotes":""},"categories":[59],"tags":[],"class_list":["post-37880","post","type-post","status-publish","format-standard","hentry","category-general"],"_links":{"self":[{"href":"https:\/\/plazajuarez.mx\/historico\/wp-json\/wp\/v2\/posts\/37880","targetHints":{"allow":["GET"]}}],"collection":[{"href":"https:\/\/plazajuarez.mx\/historico\/wp-json\/wp\/v2\/posts"}],"about":[{"href":"https:\/\/plazajuarez.mx\/historico\/wp-json\/wp\/v2\/types\/post"}],"author":[{"embeddable":true,"href":"https:\/\/plazajuarez.mx\/historico\/wp-json\/wp\/v2\/users\/93"}],"replies":[{"embeddable":true,"href":"https:\/\/plazajuarez.mx\/historico\/wp-json\/wp\/v2\/comments?post=37880"}],"version-history":[{"count":0,"href":"https:\/\/plazajuarez.mx\/historico\/wp-json\/wp\/v2\/posts\/37880\/revisions"}],"wp:attachment":[{"href":"https:\/\/plazajuarez.mx\/historico\/wp-json\/wp\/v2\/media?parent=37880"}],"wp:term":[{"taxonomy":"category","embeddable":true,"href":"https:\/\/plazajuarez.mx\/historico\/wp-json\/wp\/v2\/categories?post=37880"},{"taxonomy":"post_tag","embeddable":true,"href":"https:\/\/plazajuarez.mx\/historico\/wp-json\/wp\/v2\/tags?post=37880"}],"curies":[{"name":"wp","href":"https:\/\/api.w.org\/{rel}","templated":true}]}}