{"id":37878,"date":"2017-03-12T13:53:43","date_gmt":"2017-03-12T13:53:43","guid":{"rendered":"http:\/\/plazajuarez.mx\/index\/index.php\/2017\/03\/12\/95-del-exito-en-el-cuidado-de-la-diabetes-depende-del-paciente\/"},"modified":"2017-03-12T13:53:43","modified_gmt":"2017-03-12T13:53:43","slug":"95-del-exito-en-el-cuidado-de-la-diabetes-depende-del-paciente","status":"publish","type":"post","link":"https:\/\/plazajuarez.mx\/historico\/95-del-exito-en-el-cuidado-de-la-diabetes-depende-del-paciente\/","title":{"rendered":"95% del \u00e9xito en el cuidado de la diabetes depende del paciente"},"content":{"rendered":"<p>Debe estar informado<\/p>\n<p>  <!--more-->  <\/p>\n<p>Para que el paciente con diabetes mellitus tipo II alcance sus objetivos gluc\u00e9micos debe estar informado, y ah\u00ed juega un papel muy importante el m\u00e9dico tratante, quien debe convertirse en su c\u00f3mplice, pues debe escucharlo para entenderlo y ser un gu\u00eda que contribuya a la concientizaci\u00f3n.<\/p>\n<p>As\u00ed lo se\u00f1al\u00f3 Jorge Yamamoto Cuevas, endocrin\u00f3logo adscrito a la Policl\u00ednica para la Atenci\u00f3n de Diabetes (Padim, por sus siglas en ingl\u00e9s).<\/p>\n<p>El especialista puntualiz\u00f3 que 95 por ciento del cuidado de la diabetes depende del propio paciente, ante lo cual la educaci\u00f3n debe estar dirigida y centrada en comportamientos de autocuidado, y que adem\u00e1s esto podr\u00eda reducir la carga global de la enfermedad.<\/p>\n<p>\u201cHoy, el sistema de salud invierte al a\u00f1o 3 mil 430 millones de d\u00f3lares en la atenci\u00f3n de la diabetes y se calcula que por cada 100 pesos que se invierten en el tratamiento y control de esta condici\u00f3n, 52 de ellos provienen de la familia o del propio paciente\u201d, agreg\u00f3 el especialista.<\/p>\n<p>Igualmente representativo es el alto porcentaje de enfermos que en alg\u00fan momento abandonan su tratamiento, a mediano o largo plazo, en buena medida se debe a que el m\u00e9dico tampoco sabe educar al paciente, indica el doctor Yamamoto Cuevas, pues \u201cno sabe advertirle que los cuidados son para toda la vida y que se evitar\u00e1n muchos problemas derivados de la diabetes en otros \u00f3rganos si se siguen con rigor el tratamiento y las indicaciones m\u00e1s all\u00e1 de las m\u00e9dicas, las cuales tienen que ver con los h\u00e1bitos de vida\u201d.<\/p>\n<p>\u201cEn Padim desarrollamos un concepto de tratamiento que abarca sesiones informativas para los pacientes con el objetivo de que ellos aprendan a llevar el control de su enfermedad\u201d, dijo el especialista.<\/p>\n<p>Sobre la iniciativa de mejorar la preparaci\u00f3n que debe tener el mismo m\u00e9dico general se\u00f1ala que en nuestros d\u00edas la cantidad de informaci\u00f3n que se genera en torno a la diabetes es abismal, entonces ya queda en cada quien el inter\u00e9s por superarse. <\/p>\n","protected":false},"excerpt":{"rendered":"<p>Debe estar informado<\/p>\n","protected":false},"author":93,"featured_media":0,"comment_status":"open","ping_status":"open","sticky":false,"template":"","format":"standard","meta":{"footnotes":""},"categories":[59],"tags":[],"class_list":["post-37878","post","type-post","status-publish","format-standard","hentry","category-general"],"_links":{"self":[{"href":"https:\/\/plazajuarez.mx\/historico\/wp-json\/wp\/v2\/posts\/37878","targetHints":{"allow":["GET"]}}],"collection":[{"href":"https:\/\/plazajuarez.mx\/historico\/wp-json\/wp\/v2\/posts"}],"about":[{"href":"https:\/\/plazajuarez.mx\/historico\/wp-json\/wp\/v2\/types\/post"}],"author":[{"embeddable":true,"href":"https:\/\/plazajuarez.mx\/historico\/wp-json\/wp\/v2\/users\/93"}],"replies":[{"embeddable":true,"href":"https:\/\/plazajuarez.mx\/historico\/wp-json\/wp\/v2\/comments?post=37878"}],"version-history":[{"count":0,"href":"https:\/\/plazajuarez.mx\/historico\/wp-json\/wp\/v2\/posts\/37878\/revisions"}],"wp:attachment":[{"href":"https:\/\/plazajuarez.mx\/historico\/wp-json\/wp\/v2\/media?parent=37878"}],"wp:term":[{"taxonomy":"category","embeddable":true,"href":"https:\/\/plazajuarez.mx\/historico\/wp-json\/wp\/v2\/categories?post=37878"},{"taxonomy":"post_tag","embeddable":true,"href":"https:\/\/plazajuarez.mx\/historico\/wp-json\/wp\/v2\/tags?post=37878"}],"curies":[{"name":"wp","href":"https:\/\/api.w.org\/{rel}","templated":true}]}}