{"id":37684,"date":"2017-03-08T20:31:56","date_gmt":"2017-03-08T20:31:56","guid":{"rendered":"http:\/\/plazajuarez.mx\/index\/index.php\/2017\/03\/08\/arranca-campana-regional-de-capacitacion-consulta-y-cirugia-especializada\/"},"modified":"2017-03-08T20:31:56","modified_gmt":"2017-03-08T20:31:56","slug":"arranca-campana-regional-de-capacitacion-consulta-y-cirugia-especializada","status":"publish","type":"post","link":"https:\/\/plazajuarez.mx\/historico\/arranca-campana-regional-de-capacitacion-consulta-y-cirugia-especializada\/","title":{"rendered":"Arranca campa\u00f1a regional de Capacitaci\u00f3n, Consulta y Cirug\u00eda Especializada"},"content":{"rendered":"<p style=\"text-align: justify;\"><span lang=\"ES\">Es la cancha de la colonia Cubitos, sede de la atenci\u00f3n m\u00e9dica que se brindar\u00e1 durante los d\u00edas, 8, 9 y 10 de marzo, a habitantes de esa zona en Pachuca a trav\u00e9s de la estrategia emprendida por la Secretar\u00eda de Salud de Hidalgo (SSH), denominada <\/span>CRECCCE (Campa\u00f1a Regional de Capacitaci\u00f3n, Consulta y Cirug\u00eda Especializada).<\/p>\n<p>  <!--more-->  <\/p>\n<p style=\"text-align: justify;\"><span lang=\"ES\">Al dar inicio con las actividades de consulta m\u00e9dica, el titular de la SSH, Marco Antonio Escamilla Acosta, brind\u00f3 las primeras atenciones pedi\u00e1tricas a menores que presentaban alg\u00fan malestar, ah\u00ed el funcionario se\u00f1al\u00f3 que <\/span><span lang=\"ES-TRAD\">esta feria, da seguimiento a las instrucciones del Gobernador Omar Fayad Meneses, de reforzar acciones de promoci\u00f3n y prevenci\u00f3n de la salud, esto como parte del compromiso realizado el pasado 10 de Noviembre del 2016 en el evento J\u00f3venes Actores por la Paz (PRONAPRED) con la poblaci\u00f3n de la colonia Cubitos.<\/span><\/p>\n<p style=\"text-align: justify;\"><span lang=\"ES-TRAD\">De esta manera, explic\u00f3 durante estos d\u00edas, se ofrecer\u00e1n consultas m\u00e9dicas de 2do nivel y acciones de salud dirigidos a las mujeres y su familia en conmemoraci\u00f3n del\u00a0 \u201cD\u00eda Internacional de la Mujer\u201d, adem\u00e1s de otras actividades de fomento a la salud para poblaci\u00f3n en general. <\/span><\/p>\n<p style=\"text-align: justify;\"><span lang=\"ES-TRAD\">Para ello, detall\u00f3 se contar\u00e1 con consultorios en \u00e1reas como: Somatometria y detecciones, Medicina general, Pediatr\u00eda y Ginecol\u00f3gica, en donde se atender\u00e1 a mujeres embarazadas y se brindaran estudios de mastograf\u00edas y colposcopias, adem\u00e1s del desarrollo de pl\u00e1ticas y talleres, as\u00ed como actividades f\u00edsicas.<\/span><\/p>\n<p style=\"text-align: justify;\"><span lang=\"ES-TRAD\">Es de destacar que entre las pl\u00e1ticas a efectuar, est\u00e1n: prevenci\u00f3n de SIDA e infecciones de transmisi\u00f3n sexual, prevenci\u00f3n de infecciones respiratorias agudas y enfermedades diarreicas agudas, desparasitaci\u00f3n e importancia del suero vida oral, <\/span>prevenci\u00f3n de C\u00e1ncer cervicouterino y mamario, prevenci\u00f3n y detecci\u00f3n de violencia y adicciones, salud bucal y alimentaci\u00f3n saludable.<\/p>\n<p style=\"text-align: justify;\"><span lang=\"ES\">Tambi\u00e9n se estar\u00e1 trabajando en conjunto con el Centro de Salud de Cubitos, donde previa cita se har\u00e1n detecciones de enfermedades cr\u00f3nicas, as\u00ed como de <\/span><span lang=\"ES-TRAD\">Hiperplasia Prost\u00e1tica, y se colocaran implantes en mujeres que deseen adquirirlo como m\u00e9todo de planificaci\u00f3n familiar.<\/span><\/p>\n<p style=\"text-align: justify;\"><span lang=\"ES-TRAD\">En ese sentido, y durante su mensaje, el Secretario de Salud, reconoci\u00f3 la participaci\u00f3n de la comunidad\u00a0 para lograr la certificaci\u00f3n de Cerro de Cubitos como Comunidad Saludable, para lo cual participaron <\/span>579 procuradoras y 129 agentes de la salud, en el desarrollo de 10 talleres con 32 temas basados en entornos de vida saludables.<\/p>\n<p class=\"MsoNormalCxSpMiddle\" style=\"margin-bottom: .0001pt; mso-add-space: auto; text-align: justify; line-height: normal;\"><span lang=\"ES\">De manera simult\u00e1nea, el Director de las Unidades M\u00e9dicas Especializadas y del Hospital General de Pachuca, Francisco Chong Barreiro inaugur\u00f3 en el municipio de Tulancingo, otra feria de la salud a desarrollarse \u00fanicamente el 8 de marzo, con lo que tanto en Cubitos como en aquella regi\u00f3n se espera otorgar cerca de 6 mil atenciones a la salud.<\/span><\/p>\n","protected":false},"excerpt":{"rendered":"<p>Es la cancha de la colonia Cubitos, sede de la atenci\u00f3n m\u00e9dica que se brindar\u00e1 durante los d\u00edas, 8, 9 y 10 de marzo, a habitantes de esa zona en Pachuca a trav\u00e9s de la estrategia emprendida por la Secretar\u00eda de Salud de Hidalgo (SSH), denominada CRECCCE (Campa\u00f1a Regional de Capacitaci\u00f3n, Consulta y Cirug\u00eda Especializada).<\/p>\n","protected":false},"author":6,"featured_media":0,"comment_status":"open","ping_status":"open","sticky":false,"template":"","format":"standard","meta":{"footnotes":""},"categories":[59],"tags":[],"class_list":["post-37684","post","type-post","status-publish","format-standard","hentry","category-general"],"_links":{"self":[{"href":"https:\/\/plazajuarez.mx\/historico\/wp-json\/wp\/v2\/posts\/37684","targetHints":{"allow":["GET"]}}],"collection":[{"href":"https:\/\/plazajuarez.mx\/historico\/wp-json\/wp\/v2\/posts"}],"about":[{"href":"https:\/\/plazajuarez.mx\/historico\/wp-json\/wp\/v2\/types\/post"}],"author":[{"embeddable":true,"href":"https:\/\/plazajuarez.mx\/historico\/wp-json\/wp\/v2\/users\/6"}],"replies":[{"embeddable":true,"href":"https:\/\/plazajuarez.mx\/historico\/wp-json\/wp\/v2\/comments?post=37684"}],"version-history":[{"count":0,"href":"https:\/\/plazajuarez.mx\/historico\/wp-json\/wp\/v2\/posts\/37684\/revisions"}],"wp:attachment":[{"href":"https:\/\/plazajuarez.mx\/historico\/wp-json\/wp\/v2\/media?parent=37684"}],"wp:term":[{"taxonomy":"category","embeddable":true,"href":"https:\/\/plazajuarez.mx\/historico\/wp-json\/wp\/v2\/categories?post=37684"},{"taxonomy":"post_tag","embeddable":true,"href":"https:\/\/plazajuarez.mx\/historico\/wp-json\/wp\/v2\/tags?post=37684"}],"curies":[{"name":"wp","href":"https:\/\/api.w.org\/{rel}","templated":true}]}}