{"id":37683,"date":"2017-03-08T18:55:04","date_gmt":"2017-03-08T18:55:04","guid":{"rendered":"http:\/\/plazajuarez.mx\/index\/index.php\/2017\/03\/08\/no-les-voy-a-fallar-a-perredistas-dice-dolores-padierna\/"},"modified":"2017-03-08T18:55:04","modified_gmt":"2017-03-08T18:55:04","slug":"no-les-voy-a-fallar-a-perredistas-dice-dolores-padierna","status":"publish","type":"post","link":"https:\/\/plazajuarez.mx\/historico\/no-les-voy-a-fallar-a-perredistas-dice-dolores-padierna\/","title":{"rendered":"&#8220;No les voy a fallar a perredistas&#8221;, dice Dolores Padierna"},"content":{"rendered":"<p class=\"MsoNormal\" style=\"text-align: justify;\">Tras asumir las funciones de coordinadora del Partido de la Revoluci\u00f3n Democr\u00e1tica (PRD) en el Senado, Dolores Padierna Luna dijo que no les va a fallar a los perredistas ni a la lideresa, Alejandra Barrales Magdaleno.<\/p>\n<p>  <!--more-->  <\/p>\n<p class=\"MsoNormal\" style=\"text-align: justify;\">Durante su discurso en la reuni\u00f3n nacional de Mujeres del PRD, la senadora dijo que anoche la dirigente perredista dio una batalla en el Comit\u00e9 Ejecutivo Nacional para que ella ocupe hoy la coordinaci\u00f3n del Grupo parlamentario en el Senado, tras la remoci\u00f3n del cargo del senador Miguel Barbosa Huerta.<\/p>\n<p class=\"MsoNormal\" style=\"text-align: justify;\">&#8220;No les voy a fallar. Le digo a los ojos a la presidenta Barrales, que no te voy a fallar&#8221;, expres\u00f3.<\/p>\n<p class=\"MsoNormal\" style=\"text-align: justify;\">Al respecto, Alejandra Barrales asegur\u00f3 &#8220;Podremos tener diferencias, pero nadie puede regatearle a Dolores (Padierna) su capacidad de trabajo&#8221;.<\/p>\n","protected":false},"excerpt":{"rendered":"<p>Tras asumir las funciones de coordinadora del Partido de la Revoluci\u00f3n Democr\u00e1tica (PRD) en el Senado, Dolores Padierna Luna dijo que no les va a fallar a los perredistas ni a la lideresa, Alejandra Barrales Magdaleno.<\/p>\n","protected":false},"author":6,"featured_media":0,"comment_status":"open","ping_status":"open","sticky":false,"template":"","format":"standard","meta":{"footnotes":""},"categories":[36],"tags":[],"class_list":["post-37683","post","type-post","status-publish","format-standard","hentry","category-nacion"],"_links":{"self":[{"href":"https:\/\/plazajuarez.mx\/historico\/wp-json\/wp\/v2\/posts\/37683","targetHints":{"allow":["GET"]}}],"collection":[{"href":"https:\/\/plazajuarez.mx\/historico\/wp-json\/wp\/v2\/posts"}],"about":[{"href":"https:\/\/plazajuarez.mx\/historico\/wp-json\/wp\/v2\/types\/post"}],"author":[{"embeddable":true,"href":"https:\/\/plazajuarez.mx\/historico\/wp-json\/wp\/v2\/users\/6"}],"replies":[{"embeddable":true,"href":"https:\/\/plazajuarez.mx\/historico\/wp-json\/wp\/v2\/comments?post=37683"}],"version-history":[{"count":0,"href":"https:\/\/plazajuarez.mx\/historico\/wp-json\/wp\/v2\/posts\/37683\/revisions"}],"wp:attachment":[{"href":"https:\/\/plazajuarez.mx\/historico\/wp-json\/wp\/v2\/media?parent=37683"}],"wp:term":[{"taxonomy":"category","embeddable":true,"href":"https:\/\/plazajuarez.mx\/historico\/wp-json\/wp\/v2\/categories?post=37683"},{"taxonomy":"post_tag","embeddable":true,"href":"https:\/\/plazajuarez.mx\/historico\/wp-json\/wp\/v2\/tags?post=37683"}],"curies":[{"name":"wp","href":"https:\/\/api.w.org\/{rel}","templated":true}]}}