{"id":37682,"date":"2017-03-08T18:45:07","date_gmt":"2017-03-08T18:45:07","guid":{"rendered":"http:\/\/plazajuarez.mx\/index\/index.php\/2017\/03\/08\/informa-difh-sobre-muerte-de-mujer-encontrada-en-condicion-de-abandono\/"},"modified":"2017-03-08T18:45:07","modified_gmt":"2017-03-08T18:45:07","slug":"informa-difh-sobre-muerte-de-mujer-encontrada-en-condicion-de-abandono","status":"publish","type":"post","link":"https:\/\/plazajuarez.mx\/historico\/informa-difh-sobre-muerte-de-mujer-encontrada-en-condicion-de-abandono\/","title":{"rendered":"Informa DIFH sobre muerte de mujer encontrada en condici\u00f3n de abandono"},"content":{"rendered":"<p style=\"text-align: justify;\">La madrugada de este mi\u00e9rcoles falleci\u00f3 la se\u00f1ora Mar\u00eda Guadalupe Jer\u00f3nimo Hern\u00e1ndez, quien se encontraba internada en el \u00e1rea de hospitalizaci\u00f3n de la Casa de la Tercera Edad desde el pasado 23 de febrero en atenci\u00f3n a una solicitud de apoyo ya que se encontraba en condici\u00f3n de abandono.<\/p>\n<p>  <!--more-->  <\/p>\n<p style=\"text-align: justify;\">Mar\u00eda Guadalupe Jer\u00f3nimo Hern\u00e1ndez falleci\u00f3 a causa del c\u00e1ncer basocelular fase terminal que padec\u00eda desde hace tiempo y que le caus\u00f3 heridas irreversibles en su rostro; sin embargo, es importante destacar que no sufri\u00f3 debido a que su muerte fue durante el sue\u00f1o.<\/p>\n<p style=\"text-align: justify;\">Durante su internamiento en la Casa de la Tercera Edad recibi\u00f3 todos los cuidados necesarios e incluso las heridas que ten\u00eda en su espalda a causa de la estancia prolongada en cama estaban sanando, asimismo tuvo una dieta adecuada y su estado de \u00e1nimo era bueno, le gustaba comer paletas de caramelo y tomar chocolate con leche.<\/p>\n<p class=\"MsoNormal\" style=\"text-align: justify;\">La se\u00f1ora Jer\u00f3nimo Hern\u00e1ndez con el apoyo del Sistema DIF municipal presidido por Luis Alberto del Villar Escalona, ser\u00e1 trasladada a San Agust\u00edn Tlaxiaca.\u00a0\u00a0<\/p>\n","protected":false},"excerpt":{"rendered":"<p>La madrugada de este mi\u00e9rcoles falleci\u00f3 la se\u00f1ora Mar\u00eda Guadalupe Jer\u00f3nimo Hern\u00e1ndez, quien se encontraba internada en el \u00e1rea de hospitalizaci\u00f3n de la Casa de la Tercera Edad desde el pasado 23 de febrero en atenci\u00f3n a una solicitud de apoyo ya que se encontraba en condici\u00f3n de abandono.<\/p>\n","protected":false},"author":6,"featured_media":0,"comment_status":"open","ping_status":"open","sticky":false,"template":"","format":"standard","meta":{"footnotes":""},"categories":[59],"tags":[],"class_list":["post-37682","post","type-post","status-publish","format-standard","hentry","category-general"],"_links":{"self":[{"href":"https:\/\/plazajuarez.mx\/historico\/wp-json\/wp\/v2\/posts\/37682","targetHints":{"allow":["GET"]}}],"collection":[{"href":"https:\/\/plazajuarez.mx\/historico\/wp-json\/wp\/v2\/posts"}],"about":[{"href":"https:\/\/plazajuarez.mx\/historico\/wp-json\/wp\/v2\/types\/post"}],"author":[{"embeddable":true,"href":"https:\/\/plazajuarez.mx\/historico\/wp-json\/wp\/v2\/users\/6"}],"replies":[{"embeddable":true,"href":"https:\/\/plazajuarez.mx\/historico\/wp-json\/wp\/v2\/comments?post=37682"}],"version-history":[{"count":0,"href":"https:\/\/plazajuarez.mx\/historico\/wp-json\/wp\/v2\/posts\/37682\/revisions"}],"wp:attachment":[{"href":"https:\/\/plazajuarez.mx\/historico\/wp-json\/wp\/v2\/media?parent=37682"}],"wp:term":[{"taxonomy":"category","embeddable":true,"href":"https:\/\/plazajuarez.mx\/historico\/wp-json\/wp\/v2\/categories?post=37682"},{"taxonomy":"post_tag","embeddable":true,"href":"https:\/\/plazajuarez.mx\/historico\/wp-json\/wp\/v2\/tags?post=37682"}],"curies":[{"name":"wp","href":"https:\/\/api.w.org\/{rel}","templated":true}]}}