{"id":37681,"date":"2017-03-08T17:39:39","date_gmt":"2017-03-08T17:39:39","guid":{"rendered":"http:\/\/plazajuarez.mx\/index\/index.php\/2017\/03\/08\/mujeres-que-trabajan-en-gcdmx-podran-parar-por-dia-de-la-mujer\/"},"modified":"2017-03-08T17:39:39","modified_gmt":"2017-03-08T17:39:39","slug":"mujeres-que-trabajan-en-gcdmx-podran-parar-por-dia-de-la-mujer","status":"publish","type":"post","link":"https:\/\/plazajuarez.mx\/historico\/mujeres-que-trabajan-en-gcdmx-podran-parar-por-dia-de-la-mujer\/","title":{"rendered":"Mujeres que trabajan en GCDMX podr\u00e1n &#8220;parar&#8221; por D\u00eda de la Mujer"},"content":{"rendered":"<p class=\"MsoNormal\" style=\"text-align: justify;\">El Gobierno de la Ciudad de M\u00e9xico (GCDMX) se sumar\u00e1 est\u00e1 tarde de mi\u00e9rcoles a un paro laboral, convocatoria que fue emitida a nivel internacional para conmemorar el D\u00eda Internacional de la Mujer.<\/p>\n<p>  <!--more-->  <\/p>\n<p class=\"MsoNormal\" style=\"text-align: justify;\">Miguel \u00c1ngel Mancera, jefe de gobierno capitalino inform\u00f3 que las mujeres que laboran en la administraci\u00f3n local podr\u00e1n sumarse a esta iniciativa de 16:00 a 16:30 horas.<\/p>\n<p class=\"MsoNormal\" style=\"text-align: justify;\">El objetivo de la convocatoria es visibilizar e impulsar la reducci\u00f3n de la brecha salarial, el reconocimiento de las tareas dom\u00e9sticas y de cuidado, as\u00ed como eliminar la violencia econ\u00f3mica hacia las mujeres.<\/p>\n<p class=\"MsoNormal\" style=\"text-align: justify;\">Se espera que en la iniciativa participen pa\u00edses como Australia, Bolivia, Brasil, Chile, Costa Rica, Ecuador, Inglaterra, Francia, Alemania, Guatemala, Honduras, Islandia, Italia, Per\u00fa, Polonia, Rusia, El Salvador, Escocia, Corea del Sur, Suecia, Togo, Turqu\u00eda, Uruguay y Estados Unidos.<\/p>\n<p class=\"MsoNormal\" style=\"text-align: justify;\">El mandatario capitalino tambi\u00e9n dijo que para conmemorar este d\u00eda los monumentos hist\u00f3ricos de la Ciudad de M\u00e9xico ser\u00e1n iluminados en color morado.<\/p>\n","protected":false},"excerpt":{"rendered":"<p>El Gobierno de la Ciudad de M\u00e9xico (GCDMX) se sumar\u00e1 est\u00e1 tarde de mi\u00e9rcoles a un paro laboral, convocatoria que fue emitida a nivel internacional para conmemorar el D\u00eda Internacional de la Mujer.<\/p>\n","protected":false},"author":6,"featured_media":0,"comment_status":"open","ping_status":"open","sticky":false,"template":"","format":"standard","meta":{"footnotes":""},"categories":[36],"tags":[],"class_list":["post-37681","post","type-post","status-publish","format-standard","hentry","category-nacion"],"_links":{"self":[{"href":"https:\/\/plazajuarez.mx\/historico\/wp-json\/wp\/v2\/posts\/37681","targetHints":{"allow":["GET"]}}],"collection":[{"href":"https:\/\/plazajuarez.mx\/historico\/wp-json\/wp\/v2\/posts"}],"about":[{"href":"https:\/\/plazajuarez.mx\/historico\/wp-json\/wp\/v2\/types\/post"}],"author":[{"embeddable":true,"href":"https:\/\/plazajuarez.mx\/historico\/wp-json\/wp\/v2\/users\/6"}],"replies":[{"embeddable":true,"href":"https:\/\/plazajuarez.mx\/historico\/wp-json\/wp\/v2\/comments?post=37681"}],"version-history":[{"count":0,"href":"https:\/\/plazajuarez.mx\/historico\/wp-json\/wp\/v2\/posts\/37681\/revisions"}],"wp:attachment":[{"href":"https:\/\/plazajuarez.mx\/historico\/wp-json\/wp\/v2\/media?parent=37681"}],"wp:term":[{"taxonomy":"category","embeddable":true,"href":"https:\/\/plazajuarez.mx\/historico\/wp-json\/wp\/v2\/categories?post=37681"},{"taxonomy":"post_tag","embeddable":true,"href":"https:\/\/plazajuarez.mx\/historico\/wp-json\/wp\/v2\/tags?post=37681"}],"curies":[{"name":"wp","href":"https:\/\/api.w.org\/{rel}","templated":true}]}}