{"id":37563,"date":"2017-03-06T13:02:31","date_gmt":"2017-03-06T13:02:31","guid":{"rendered":"http:\/\/plazajuarez.mx\/index\/index.php\/2017\/03\/06\/el-turismo-visita-el-universal\/"},"modified":"2017-03-06T13:02:31","modified_gmt":"2017-03-06T13:02:31","slug":"el-turismo-visita-el-universal","status":"publish","type":"post","link":"https:\/\/plazajuarez.mx\/historico\/el-turismo-visita-el-universal\/","title":{"rendered":"El turismo visita EL UNIVERSAL"},"content":{"rendered":"<p>En Clave Tur\u00edstica<\/p>\n<p>El turismo realiza una significativa contribuci\u00f3n para mejorar los niveles de vida de millones de mexicanos, y que el potencial de crecimiento est\u00e1 lejos de dar se\u00f1ales de agotamiento.<\/p>\n<p>  <!--more-->  <\/p>\n<p>Hace unos d\u00edas tuve oportunidad de participar en el foro \u201cM\u00e9xico, destino tur\u00edstico \u00bfPara los mexicanos?\u201d organizado por esta casa editorial, acompa\u00f1ando en el panel a representantes empresariales, gubernamentales y del Congreso.<br \/>El debate fue, por dem\u00e1s, interesante y abord\u00f3 una amplia tem\u00e1tica que, en mi opini\u00f3n, rebas\u00f3 los limites sugeridos por el nombre del Foro y, de alguna manera, realiza una contribuci\u00f3n en la definici\u00f3n de una agenda para el turismo mexicano para la tercera d\u00e9cada del siglo XXI.<br \/>El punto de partida de la discusi\u00f3n es el reconocimiento del extraordinario momento por el que atraviesa la industria tur\u00edstica mexicana \u2014sin caer en una actitud triunfalista\u2014, que, por cierto, contrasta con la marcha de la econom\u00eda nacional; de igual forma, se puede afirmar que hay un consenso en las visiones en el sentido de que el turismo realiza una significativa contribuci\u00f3n para mejorar los niveles de vida de millones de mexicanos, y <br \/>que el potencial de crecimiento est\u00e1 lejos de dar se\u00f1ales de agotamiento.<br \/>En la agenda de los pendientes para consolidar el crecimiento se abordaron muchos temas y necesidades, mencion\u00e1ndose, por ejemplo, la conveniencia de acelerar la dotaci\u00f3n de una mayor y mejor infraestructura \u2014en la que se destaca el car\u00e1cter estrat\u00e9gico del nuevo aeropuerto de la Ciudad de M\u00e9xico\u2014, el inaplazable requerimiento de impulsar una industria tur\u00edstica y competitiva, con el fortalecimiento de esquemas de gobernanza local; as\u00ed como la urgencia por resolver la problem\u00e1tica de seguridad en los destinos tur\u00edsticos que en \u00faltimas fechas alcanza niveles cada vez m\u00e1s preocupantes y la que representa, de no resolverse, una verdadera bomba de tiempo, que puede sacudir con dureza al sector. <br \/>En este \u00faltimo sentido, es oportuno recordar la vulnerabilidad del turismo, como qued\u00f3 de manifiesto en Turqu\u00eda, pa\u00eds en el que \u2014habiendo alcanzado la sexta posici\u00f3n mundial en llegadas de turistas internacionales\u2014, el crecimiento entr\u00f3 en barrena el a\u00f1o pasado, registr\u00e1ndose una contracci\u00f3n de m\u00e1s del 40% en los flujos tur\u00edsticos, producto de los m\u00faltiples atentados terroristas y la crisis pol\u00edtica por la que atraviesa.<br \/>Aunque no necesariamente ha sido la actitud visible en el conjunto de la industria, es, realmente, reconfortante y estimulante la actitud de empresas como el grupo Experiencias Xcaret (representada en el Foro por su Vicepresidente Carlos Constandse) que han entendido que la sustentabilidad no es ni un absurdo requisito legal, ni una bandera emblem\u00e1tica, sino una visi\u00f3n que vertebra los compromisos inherentes a un actividad tur\u00edstica consciente de los mayores retos que afronta el planeta, destacadamente, las mejores pr\u00e1cticas ambientales y la inclusi\u00f3n social, sin perder de vista la rentabilidad empresarial.<br \/>Por su parte, la subsecretaria de Turismo, Mar\u00eda Teresa Solis, habl\u00f3 de la importancia del fortalecimiento de la gobernanza local, un aspecto crucial y que supone uno de los mayores retos, porque cuesta trabajo imaginar un sector tur\u00edstico ajeno a la realidad local, particularmente, por tratarse de un fen\u00f3meno que se manifiesta en el territorio. No es una exageraci\u00f3n afirmar que estos espacios son uno de los eslabones m\u00e1s d\u00e9biles de la cadena tur\u00edstica, sin olvidar que all\u00ed campea a sus anchas la corrupci\u00f3n.<br \/>Por s\u00ed mismas estas discusiones tienen una enorme val\u00eda para una actividad que no obstante su importante contribuci\u00f3n al desarrollo social y econ\u00f3mica de M\u00e9xico (aporta 8.7% del PIB, genera cerca de 4 millones de empleos \u2014seg\u00fan las cifras de Sectur- y mantiene un sistem\u00e1tico super\u00e1vit en la Balanza Tur\u00edstica\u2014 9.3 miles de millones de d\u00f3lares en 2016- que contrasta con el cr\u00f3nico d\u00e9ficit de la Balanza Comercial), sigue siendo vista como una industria secundaria, que cuenta con posiciones de trabajo de poco valor agregado y que ocurre por una suerte de generaci\u00f3n espont\u00e1nea. No obstante, lo que en verdad potencia su relevancia es que el Foro haya sido producto de la iniciativa de uno de los m\u00e1s importantes medios de comunicaci\u00f3n del pa\u00eds, pues es en estos espacios en donde el turismo ha estado presente solo con relativa modestia en los \u00faltimos a\u00f1os.<br \/>Director de la Facultad de Turismo y Gastronom\u00eda de la Universidad An\u00e1huac M\u00e9xico. Twitter: @fcomadrid<\/p>\n","protected":false},"excerpt":{"rendered":"<p>En Clave Tur\u00edstica El turismo realiza una significativa contribuci\u00f3n para mejorar los niveles de vida de millones de mexicanos, y que el potencial de crecimiento est\u00e1 lejos de dar se\u00f1ales de agotamiento.<\/p>\n","protected":false},"author":93,"featured_media":0,"comment_status":"open","ping_status":"open","sticky":false,"template":"","format":"standard","meta":{"footnotes":""},"categories":[42],"tags":[],"class_list":["post-37563","post","type-post","status-publish","format-standard","hentry","category-nuestrapalabra"],"_links":{"self":[{"href":"https:\/\/plazajuarez.mx\/historico\/wp-json\/wp\/v2\/posts\/37563","targetHints":{"allow":["GET"]}}],"collection":[{"href":"https:\/\/plazajuarez.mx\/historico\/wp-json\/wp\/v2\/posts"}],"about":[{"href":"https:\/\/plazajuarez.mx\/historico\/wp-json\/wp\/v2\/types\/post"}],"author":[{"embeddable":true,"href":"https:\/\/plazajuarez.mx\/historico\/wp-json\/wp\/v2\/users\/93"}],"replies":[{"embeddable":true,"href":"https:\/\/plazajuarez.mx\/historico\/wp-json\/wp\/v2\/comments?post=37563"}],"version-history":[{"count":0,"href":"https:\/\/plazajuarez.mx\/historico\/wp-json\/wp\/v2\/posts\/37563\/revisions"}],"wp:attachment":[{"href":"https:\/\/plazajuarez.mx\/historico\/wp-json\/wp\/v2\/media?parent=37563"}],"wp:term":[{"taxonomy":"category","embeddable":true,"href":"https:\/\/plazajuarez.mx\/historico\/wp-json\/wp\/v2\/categories?post=37563"},{"taxonomy":"post_tag","embeddable":true,"href":"https:\/\/plazajuarez.mx\/historico\/wp-json\/wp\/v2\/tags?post=37563"}],"curies":[{"name":"wp","href":"https:\/\/api.w.org\/{rel}","templated":true}]}}