{"id":37562,"date":"2017-03-06T12:59:59","date_gmt":"2017-03-06T12:59:59","guid":{"rendered":"http:\/\/plazajuarez.mx\/index\/index.php\/2017\/03\/06\/cardenas-ante-el-2018\/"},"modified":"2017-03-06T12:59:59","modified_gmt":"2017-03-06T12:59:59","slug":"cardenas-ante-el-2018","status":"publish","type":"post","link":"https:\/\/plazajuarez.mx\/historico\/cardenas-ante-el-2018\/","title":{"rendered":"C\u00e1rdenas ante el 2018"},"content":{"rendered":"<p>Bajo Reserva Expr\u00e9s<\/p>\n<p>  <!--more-->  <\/p>\n<p>Andr\u00e9s Manuel L\u00f3pez Obrador, acumula sus fichas rumbo al 2018, pero ir\u00e1 solo en las izquierdas.<br \/>Nos dicen que Cuauht\u00e9moc C\u00e1rdenas fijar\u00e1 el 25 de marzo su posicionamiento con vistas a esa contienda por la Presidencia.<br \/>Ese d\u00eda convoc\u00f3 a uno de sus encuentros &#8220;Por M\u00e9xico Hoy&#8221;, que busca lograr una mayor\u00eda social para elaborar una agenda de transformaciones rumbo a la elecci\u00f3n del 2018.<br \/>Seg\u00fan palabras de C\u00e1rdenas, se busca que ese conjunto de ciudadanos sea lo m\u00e1s amplio, plural y diverso.<br \/>Y aunque simpatizantes de L\u00f3pez Obrador suelen apoyar tambi\u00e9n los esfuerzos de C\u00e1rdenas, est\u00e1 por verse si ambos caminar\u00e1n juntos o si siguen distanciados y prevalece, como siempre, una izquierda fragmentada, nos comentan.<\/p>\n","protected":false},"excerpt":{"rendered":"<p>Bajo Reserva Expr\u00e9s<\/p>\n","protected":false},"author":93,"featured_media":0,"comment_status":"open","ping_status":"open","sticky":false,"template":"","format":"standard","meta":{"footnotes":""},"categories":[42],"tags":[],"class_list":["post-37562","post","type-post","status-publish","format-standard","hentry","category-nuestrapalabra"],"_links":{"self":[{"href":"https:\/\/plazajuarez.mx\/historico\/wp-json\/wp\/v2\/posts\/37562","targetHints":{"allow":["GET"]}}],"collection":[{"href":"https:\/\/plazajuarez.mx\/historico\/wp-json\/wp\/v2\/posts"}],"about":[{"href":"https:\/\/plazajuarez.mx\/historico\/wp-json\/wp\/v2\/types\/post"}],"author":[{"embeddable":true,"href":"https:\/\/plazajuarez.mx\/historico\/wp-json\/wp\/v2\/users\/93"}],"replies":[{"embeddable":true,"href":"https:\/\/plazajuarez.mx\/historico\/wp-json\/wp\/v2\/comments?post=37562"}],"version-history":[{"count":0,"href":"https:\/\/plazajuarez.mx\/historico\/wp-json\/wp\/v2\/posts\/37562\/revisions"}],"wp:attachment":[{"href":"https:\/\/plazajuarez.mx\/historico\/wp-json\/wp\/v2\/media?parent=37562"}],"wp:term":[{"taxonomy":"category","embeddable":true,"href":"https:\/\/plazajuarez.mx\/historico\/wp-json\/wp\/v2\/categories?post=37562"},{"taxonomy":"post_tag","embeddable":true,"href":"https:\/\/plazajuarez.mx\/historico\/wp-json\/wp\/v2\/tags?post=37562"}],"curies":[{"name":"wp","href":"https:\/\/api.w.org\/{rel}","templated":true}]}}