{"id":37543,"date":"2017-03-06T12:45:17","date_gmt":"2017-03-06T12:45:17","guid":{"rendered":"http:\/\/plazajuarez.mx\/index\/index.php\/2017\/03\/06\/indignacion-por-el-crimen-de-una-nina\/"},"modified":"2017-03-06T12:45:17","modified_gmt":"2017-03-06T12:45:17","slug":"indignacion-por-el-crimen-de-una-nina","status":"publish","type":"post","link":"https:\/\/plazajuarez.mx\/historico\/indignacion-por-el-crimen-de-una-nina\/","title":{"rendered":"INDIGNACI\u00d3N POR EL CRIMEN DE UNA NI\u00d1A"},"content":{"rendered":"<p>EN PERIB\u00c1N, MICHOAC\u00c1N<\/p>\n<p>  <!--more-->  <\/p>\n<p>La Procuradur\u00eda General de Justicia del Estado de Michoac\u00e1n inform\u00f3 que ha iniciado una Carpeta de Investigaci\u00f3n con relaci\u00f3n a la muerte de la peque\u00f1a Jazm\u00edn Lucero, registrada este s\u00e1bado en la localidad de Perib\u00e1n<br \/>Jazm\u00edn Lucero, de apenas 5 a\u00f1os de edad y originaria del municipio de Perib\u00e1n, fue declarada muerta en el Hospital Regional de Los Reyes, a donde fue llevada con m\u00faltiples golpes y escoriaciones en varias partes de su cuerpo; de acuerdo a testigos, el presunto responsable es el padre de la menor, en posible complicidad de la madre, quienes se encuentran pr\u00f3fugos.<br \/>La PGJE ratific\u00f3 su compromiso y responsabilidad de aplicar la ley y llevar ante los tribunales a quienes atenten contra la vida de la ni\u00f1ez y la mujer; \u201cno habr\u00e1 impunidad\u201d, advirti\u00f3.<br \/>La menor, originaria de una localidad de Perib\u00e1n y quien hab\u00eda sido llevada al hospital por su madre, presentaba a simple vista contusiones y escoriaciones en diversas partes del cuerpo, explic\u00f3 la PGJE.<br \/>Ante lo ocurrido y por las caracter\u00edsticas de la muerte de la peque\u00f1a Jazm\u00edn, su cad\u00e1ver fue trasladado al Servicio M\u00e9dico Forense para que se le practicara la necropsia de ley.<br \/>Horas antes, se conoci\u00f3 el parte policial de esa regi\u00f3n de La Ca\u00f1ada de los 11 pueblos, en donde en base a testigos, el presunto agresor y homicida de la ni\u00f1a de 5 a\u00f1os de edad, podr\u00eda ser su propio padre.<br \/>El informe inicial, cita que elementos de la Polic\u00eda Michoac\u00e1n, brind\u00f3 apoyo a la PGJE para la b\u00fasqueda y localizaci\u00f3n de una persona del sexo masculino de nombre Santiago F. R., padre de la menor de 5 a\u00f1os, a la cual se presume que golpe\u00f3 hasta quitarle la vida.<\/p>\n","protected":false},"excerpt":{"rendered":"<p>EN PERIB\u00c1N, MICHOAC\u00c1N<\/p>\n","protected":false},"author":93,"featured_media":0,"comment_status":"open","ping_status":"open","sticky":false,"template":"","format":"standard","meta":{"footnotes":""},"categories":[37],"tags":[],"class_list":["post-37543","post","type-post","status-publish","format-standard","hentry","category-barandilla"],"_links":{"self":[{"href":"https:\/\/plazajuarez.mx\/historico\/wp-json\/wp\/v2\/posts\/37543","targetHints":{"allow":["GET"]}}],"collection":[{"href":"https:\/\/plazajuarez.mx\/historico\/wp-json\/wp\/v2\/posts"}],"about":[{"href":"https:\/\/plazajuarez.mx\/historico\/wp-json\/wp\/v2\/types\/post"}],"author":[{"embeddable":true,"href":"https:\/\/plazajuarez.mx\/historico\/wp-json\/wp\/v2\/users\/93"}],"replies":[{"embeddable":true,"href":"https:\/\/plazajuarez.mx\/historico\/wp-json\/wp\/v2\/comments?post=37543"}],"version-history":[{"count":0,"href":"https:\/\/plazajuarez.mx\/historico\/wp-json\/wp\/v2\/posts\/37543\/revisions"}],"wp:attachment":[{"href":"https:\/\/plazajuarez.mx\/historico\/wp-json\/wp\/v2\/media?parent=37543"}],"wp:term":[{"taxonomy":"category","embeddable":true,"href":"https:\/\/plazajuarez.mx\/historico\/wp-json\/wp\/v2\/categories?post=37543"},{"taxonomy":"post_tag","embeddable":true,"href":"https:\/\/plazajuarez.mx\/historico\/wp-json\/wp\/v2\/tags?post=37543"}],"curies":[{"name":"wp","href":"https:\/\/api.w.org\/{rel}","templated":true}]}}