{"id":37542,"date":"2017-03-06T12:43:31","date_gmt":"2017-03-06T12:43:31","guid":{"rendered":"http:\/\/plazajuarez.mx\/index\/index.php\/2017\/03\/06\/piden-orar-para-que-gobernantes-recuerden-que-familia-es-la-union\/"},"modified":"2017-03-06T12:43:31","modified_gmt":"2017-03-06T12:43:31","slug":"piden-orar-para-que-gobernantes-recuerden-que-familia-es-la-union","status":"publish","type":"post","link":"https:\/\/plazajuarez.mx\/historico\/piden-orar-para-que-gobernantes-recuerden-que-familia-es-la-union\/","title":{"rendered":"PIDEN ORAR PARA QUE GOBERNANTES RECUERDEN QUE FAMILIA ES LA UNI\u00d3N"},"content":{"rendered":"<p>HOMIL\u00cdA DOMINICAL<\/p>\n<p>  <!--more-->  <\/p>\n<p>CIUDAD DE M\u00c9XICO.- El cardenal Norberto Rivera Carrera, pidi\u00f3 a los fieles orar por los gobernantes, legisladores y jueces de nuestro pa\u00eds, \u201cpara que recuerden que el fundamento de la familia es la uni\u00f3n del hombre y la mujer con amor total, exclusivo y fiel a lo largo de la vida\u201d.<br \/>Tambi\u00e9n solicit\u00f3 una oraci\u00f3n para las familias de inmigrantes que sufren la separaci\u00f3n por falta de oportunidades en sus pa\u00edses de origen, \u201cpara que reciban el apoyo necesario de todos los hermanos que en Cristo formamos una sola familia\u201d.<br \/>Durante la homil\u00eda dominical celebrada en la catedral metropolitana el prelado elev\u00f3 una s\u00faplica por las familias de la arquidi\u00f3cesis de M\u00e9xico \u201cpara que sean fermento de fe, de amor y esperanza, de justicia y paz en el mundo\u201d.<br \/>Adem\u00e1s se realiz\u00f3 una plegaria por el bombero \u00c1lvaro Jim\u00e9nez Gonz\u00e1lez quien falleci\u00f3 el pasado viernes en cumplimiento de su deber y por las personas que murieron en Tultepec \u201cpara que participen del banquete eterno en el reino de Dios\u201d.<br \/>En la misa dominical, y en el marco del D\u00eda de la familia, el cardenal Rivera Carrera dedic\u00f3 su homil\u00eda a \u201cesta realidad sagrada\u201d, en la que destac\u00f3 que su fundamento es la uni\u00f3n del hombre y mujer a lo largo de la vida.<br \/>Previo a la ceremonia, el cardenal Norberto Rivera firm\u00f3 un convenio con Luis Fern\u00e1ndez &#8211; Cid de las A, embajador de Espa\u00f1a en M\u00e9xico para realizar tres exposiciones durante el a\u00f1o en las rejas de la catedral.<\/p>\n","protected":false},"excerpt":{"rendered":"<p>HOMIL\u00cdA DOMINICAL<\/p>\n","protected":false},"author":93,"featured_media":0,"comment_status":"open","ping_status":"open","sticky":false,"template":"","format":"standard","meta":{"footnotes":""},"categories":[36],"tags":[],"class_list":["post-37542","post","type-post","status-publish","format-standard","hentry","category-nacion"],"_links":{"self":[{"href":"https:\/\/plazajuarez.mx\/historico\/wp-json\/wp\/v2\/posts\/37542","targetHints":{"allow":["GET"]}}],"collection":[{"href":"https:\/\/plazajuarez.mx\/historico\/wp-json\/wp\/v2\/posts"}],"about":[{"href":"https:\/\/plazajuarez.mx\/historico\/wp-json\/wp\/v2\/types\/post"}],"author":[{"embeddable":true,"href":"https:\/\/plazajuarez.mx\/historico\/wp-json\/wp\/v2\/users\/93"}],"replies":[{"embeddable":true,"href":"https:\/\/plazajuarez.mx\/historico\/wp-json\/wp\/v2\/comments?post=37542"}],"version-history":[{"count":0,"href":"https:\/\/plazajuarez.mx\/historico\/wp-json\/wp\/v2\/posts\/37542\/revisions"}],"wp:attachment":[{"href":"https:\/\/plazajuarez.mx\/historico\/wp-json\/wp\/v2\/media?parent=37542"}],"wp:term":[{"taxonomy":"category","embeddable":true,"href":"https:\/\/plazajuarez.mx\/historico\/wp-json\/wp\/v2\/categories?post=37542"},{"taxonomy":"post_tag","embeddable":true,"href":"https:\/\/plazajuarez.mx\/historico\/wp-json\/wp\/v2\/tags?post=37542"}],"curies":[{"name":"wp","href":"https:\/\/api.w.org\/{rel}","templated":true}]}}