{"id":37541,"date":"2017-03-06T12:43:15","date_gmt":"2017-03-06T12:43:15","guid":{"rendered":"http:\/\/plazajuarez.mx\/index\/index.php\/2017\/03\/06\/el-pri-nunca-pactara-su-derrota-pena-nieto\/"},"modified":"2017-03-06T12:43:15","modified_gmt":"2017-03-06T12:43:15","slug":"el-pri-nunca-pactara-su-derrota-pena-nieto","status":"publish","type":"post","link":"https:\/\/plazajuarez.mx\/historico\/el-pri-nunca-pactara-su-derrota-pena-nieto\/","title":{"rendered":"El PRI nunca pactar\u00e1 su derrota: Pe\u00f1a Nieto"},"content":{"rendered":"<p>Derecha e izquierda representan amenaza para el pa\u00eds, advierte<\/p>\n<p>  <!--more-->  <\/p>\n<p>Vamos por 4 triunfos contundentes en elecciones de 2017, dice<\/p>\n<p>CIUDAD DE M\u00c9XICO.- El presidente Enrique Pe\u00f1a Nieto afirm\u00f3 en la ceremonia del 88 aniversario del PRI, que su partido pacta para gobernar, pero no su derrota.<br \/>\u201cEl PRI es un partido que sabe acordar, que pacta para gobernar y para transformar, pero que quede bien claro: nunca, pero nunca pactar\u00e1 para dejarse derrotar. Nosotros los pri\u00edstas, y est\u00e1 en nuestra gen\u00e9tica, siempre salimos a ganar\u201d, advirti\u00f3.<br \/>Al pa\u00eds no s\u00f3lo hay que defenderlo del exterior, sino del vac\u00edo de la izquierda demag\u00f3gica y de la par\u00e1lisis de la derecha, afirm\u00f3.<br \/>\u201cNo somos el partido que patea el bote o nada de a muertito; tampoco somos el partido que enga\u00f1a con ilusiones y promueve la divisi\u00f3n\u201d, dijo.<br \/>La oposici\u00f3n, asever\u00f3, demostr\u00f3 que sigue sin estar lista para ser gobierno, pues sin distinci\u00f3n de colores exhibi\u00f3 oportunismo pol\u00edtico al demandar subsidiar la gasolina, evidenciando su total desconocimiento de las finanzas p\u00fablicas del pa\u00eds.<br \/>En la sede nacional del tricolor, ante gobernadores, miembros de su gabinete e integrantes de la c\u00fapula partidista, el mandatario los llam\u00f3 a caminar como un solo cuerpo, porque \u201cvamos por cuatro triunfos contundentes e inobjetables\u201d en los comicios del Estado de M\u00e9xico, Coahuila, Nayarit y Veracruz, \u201cque en su conjunto son la antesala de la elecci\u00f3n presidencial de 2018\u201d.<\/p>\n","protected":false},"excerpt":{"rendered":"<p>Derecha e izquierda representan amenaza para el pa\u00eds, advierte<\/p>\n","protected":false},"author":93,"featured_media":0,"comment_status":"open","ping_status":"open","sticky":false,"template":"","format":"standard","meta":{"footnotes":""},"categories":[36],"tags":[],"class_list":["post-37541","post","type-post","status-publish","format-standard","hentry","category-nacion"],"_links":{"self":[{"href":"https:\/\/plazajuarez.mx\/historico\/wp-json\/wp\/v2\/posts\/37541","targetHints":{"allow":["GET"]}}],"collection":[{"href":"https:\/\/plazajuarez.mx\/historico\/wp-json\/wp\/v2\/posts"}],"about":[{"href":"https:\/\/plazajuarez.mx\/historico\/wp-json\/wp\/v2\/types\/post"}],"author":[{"embeddable":true,"href":"https:\/\/plazajuarez.mx\/historico\/wp-json\/wp\/v2\/users\/93"}],"replies":[{"embeddable":true,"href":"https:\/\/plazajuarez.mx\/historico\/wp-json\/wp\/v2\/comments?post=37541"}],"version-history":[{"count":0,"href":"https:\/\/plazajuarez.mx\/historico\/wp-json\/wp\/v2\/posts\/37541\/revisions"}],"wp:attachment":[{"href":"https:\/\/plazajuarez.mx\/historico\/wp-json\/wp\/v2\/media?parent=37541"}],"wp:term":[{"taxonomy":"category","embeddable":true,"href":"https:\/\/plazajuarez.mx\/historico\/wp-json\/wp\/v2\/categories?post=37541"},{"taxonomy":"post_tag","embeddable":true,"href":"https:\/\/plazajuarez.mx\/historico\/wp-json\/wp\/v2\/tags?post=37541"}],"curies":[{"name":"wp","href":"https:\/\/api.w.org\/{rel}","templated":true}]}}