{"id":37540,"date":"2017-03-06T12:42:35","date_gmt":"2017-03-06T12:42:35","guid":{"rendered":"http:\/\/plazajuarez.mx\/index\/index.php\/2017\/03\/06\/el-pri-no-tiene-autoridad-moral-ricardo-anaya\/"},"modified":"2017-03-06T12:42:35","modified_gmt":"2017-03-06T12:42:35","slug":"el-pri-no-tiene-autoridad-moral-ricardo-anaya","status":"publish","type":"post","link":"https:\/\/plazajuarez.mx\/historico\/el-pri-no-tiene-autoridad-moral-ricardo-anaya\/","title":{"rendered":"El PRI no tiene autoridad moral: Ricardo Anaya"},"content":{"rendered":"<p>CIUDAD DE M\u00c9XICO.- El presidente nacional del PAN, Ricardo Anaya, respondi\u00f3 al titular del Ejecutivo federal, Enrique Pe\u00f1a Nieto, que &#8220;no tiene autoridad moral&#8221; para hablar de buenos gobiernos.<\/p>\n<p>  <!--more-->  <\/p>\n<p>Esto despu\u00e9s que este s\u00e1bado Pe\u00f1a Nieto se\u00f1alara en el marco del aniversario 88 del PRI, que M\u00e9xico vivi\u00f3 12 a\u00f1os de par\u00e1lisis por un gobierno de derecha.<br \/>&#8220;El PRI ha sido un absoluto desastre en el gobierno, tiene al pa\u00eds de cabeza, por eso estamos convencidos de que aqu\u00ed se les acab\u00f3 la fiesta&#8221;, dijo en entrevista.<br \/>Despu\u00e9s de la toma de protesta de Josefina V\u00e1zquez Mota como candidata del PAN a la gubernatura del Estado de M\u00e9xico, Anaya asegur\u00f3 que hay dos grandes adversarios: &#8220;un PRI en decadencia e ineficaz y por el otro un populismo destructor&#8221;.<br \/>Asimismo, indic\u00f3 que est\u00e1n listos para ganarle al PRI desde su tierra que es Toluca.<\/p>\n","protected":false},"excerpt":{"rendered":"<p>CIUDAD DE M\u00c9XICO.- El presidente nacional del PAN, Ricardo Anaya, respondi\u00f3 al titular del Ejecutivo federal, Enrique Pe\u00f1a Nieto, que &#8220;no tiene autoridad moral&#8221; para hablar de buenos gobiernos.<\/p>\n","protected":false},"author":93,"featured_media":0,"comment_status":"open","ping_status":"open","sticky":false,"template":"","format":"standard","meta":{"footnotes":""},"categories":[36],"tags":[],"class_list":["post-37540","post","type-post","status-publish","format-standard","hentry","category-nacion"],"_links":{"self":[{"href":"https:\/\/plazajuarez.mx\/historico\/wp-json\/wp\/v2\/posts\/37540","targetHints":{"allow":["GET"]}}],"collection":[{"href":"https:\/\/plazajuarez.mx\/historico\/wp-json\/wp\/v2\/posts"}],"about":[{"href":"https:\/\/plazajuarez.mx\/historico\/wp-json\/wp\/v2\/types\/post"}],"author":[{"embeddable":true,"href":"https:\/\/plazajuarez.mx\/historico\/wp-json\/wp\/v2\/users\/93"}],"replies":[{"embeddable":true,"href":"https:\/\/plazajuarez.mx\/historico\/wp-json\/wp\/v2\/comments?post=37540"}],"version-history":[{"count":0,"href":"https:\/\/plazajuarez.mx\/historico\/wp-json\/wp\/v2\/posts\/37540\/revisions"}],"wp:attachment":[{"href":"https:\/\/plazajuarez.mx\/historico\/wp-json\/wp\/v2\/media?parent=37540"}],"wp:term":[{"taxonomy":"category","embeddable":true,"href":"https:\/\/plazajuarez.mx\/historico\/wp-json\/wp\/v2\/categories?post=37540"},{"taxonomy":"post_tag","embeddable":true,"href":"https:\/\/plazajuarez.mx\/historico\/wp-json\/wp\/v2\/tags?post=37540"}],"curies":[{"name":"wp","href":"https:\/\/api.w.org\/{rel}","templated":true}]}}