{"id":37363,"date":"2017-03-01T17:44:23","date_gmt":"2017-03-01T17:44:23","guid":{"rendered":"http:\/\/plazajuarez.mx\/index\/index.php\/2017\/03\/01\/superan-la-meta-en-el-ayudaton-2017\/"},"modified":"2017-03-01T17:44:23","modified_gmt":"2017-03-01T17:44:23","slug":"superan-la-meta-en-el-ayudaton-2017","status":"publish","type":"post","link":"https:\/\/plazajuarez.mx\/historico\/superan-la-meta-en-el-ayudaton-2017\/","title":{"rendered":"Superan la meta en el Ayudat\u00f3n 2017"},"content":{"rendered":"<p style=\"text-align: justify;\"><span lang=\"ES-TRAD\">Con un monto de aproximadamente un mill\u00f3n 700 mil pesos, este a\u00f1o se super\u00f3 la meta en la edici\u00f3n del Ayudat\u00f3n 2017, brindemos amor y esperanza a ni\u00f1as y ni\u00f1os con c\u00e1ncer, el cual llev\u00f3 a cabo el Sistema DIF Estatal durante los d\u00edas 27 y 28 de febrero.<\/span><\/p>\n<p>  <!--more-->  <\/p>\n<p style=\"text-align: justify;\"><span lang=\"ES-TRAD\">Durante la clausura, que encabezaron el gobernador Omar Fayad y su esposa Victoria Ruffo, presidenta honoraria del Patronato de este sistema, el mandatario reconoci\u00f3 la solidaridad, inter\u00e9s y sensibilidad de las y los hidalguenses, las asociaciones civiles, el sector empresarial, as\u00ed como de los funcionarios y servidores p\u00fablicos, por apoyar con sus donativos esta noble causa, que mucho beneficia a la ni\u00f1ez hidalguense.<\/span><\/p>\n<p style=\"text-align: justify;\"><span lang=\"ES-TRAD\">\u201cGracias a la suma de todos los esfuerzos, superamos la meta\u201d, manifest\u00f3 el mandatario; es por ello que nuestras ni\u00f1as y ni\u00f1os tendr\u00e1n una nueva oportunidad en el combate a esta enfermedad, y con ello mejorar\u00e1n su calidad de vida, expres\u00f3.<\/span><\/p>\n<p style=\"text-align: justify;\"><span lang=\"ES-TRAD\">Omar Fayad refrend\u00f3 su compromiso de continuar impulsando las acciones necesarias para apoyar a quien m\u00e1s lo necesita, &#8220;esa es la premisa de mi gobierno y seguiremos trabajando en ese sentido&#8221;, asegur\u00f3.<\/span><\/p>\n<p style=\"text-align: justify;\"><span lang=\"ES-TRAD\">En su oportunidad, Victoria Ruffo agradeci\u00f3 a quienes aportaron su granito de arena en esta edici\u00f3n del Ayudat\u00f3n,\u00a0 \u201cninguna ayuda es peque\u00f1a y cualquiera que \u00e9sta sea, beneficia enormemente a nuestros ni\u00f1os\u201d, enfatiz\u00f3.\u00a0 <\/span><\/p>\n<p style=\"text-align: justify;\"><span lang=\"ES-TRAD\">\u00a0<\/span><\/p>\n<p style=\"text-align: justify;\">\u00a0<\/p>\n<p class=\"MsoNormal\" style=\"text-align: justify;\">\u00a0<\/p>\n","protected":false},"excerpt":{"rendered":"<p>Con un monto de aproximadamente un mill\u00f3n 700 mil pesos, este a\u00f1o se super\u00f3 la meta en la edici\u00f3n del Ayudat\u00f3n 2017, brindemos amor y esperanza a ni\u00f1as y ni\u00f1os con c\u00e1ncer, el cual llev\u00f3 a cabo el Sistema DIF Estatal durante los d\u00edas 27 y 28 de febrero.<\/p>\n","protected":false},"author":6,"featured_media":0,"comment_status":"open","ping_status":"open","sticky":false,"template":"","format":"standard","meta":{"footnotes":""},"categories":[59],"tags":[],"class_list":["post-37363","post","type-post","status-publish","format-standard","hentry","category-general"],"_links":{"self":[{"href":"https:\/\/plazajuarez.mx\/historico\/wp-json\/wp\/v2\/posts\/37363","targetHints":{"allow":["GET"]}}],"collection":[{"href":"https:\/\/plazajuarez.mx\/historico\/wp-json\/wp\/v2\/posts"}],"about":[{"href":"https:\/\/plazajuarez.mx\/historico\/wp-json\/wp\/v2\/types\/post"}],"author":[{"embeddable":true,"href":"https:\/\/plazajuarez.mx\/historico\/wp-json\/wp\/v2\/users\/6"}],"replies":[{"embeddable":true,"href":"https:\/\/plazajuarez.mx\/historico\/wp-json\/wp\/v2\/comments?post=37363"}],"version-history":[{"count":0,"href":"https:\/\/plazajuarez.mx\/historico\/wp-json\/wp\/v2\/posts\/37363\/revisions"}],"wp:attachment":[{"href":"https:\/\/plazajuarez.mx\/historico\/wp-json\/wp\/v2\/media?parent=37363"}],"wp:term":[{"taxonomy":"category","embeddable":true,"href":"https:\/\/plazajuarez.mx\/historico\/wp-json\/wp\/v2\/categories?post=37363"},{"taxonomy":"post_tag","embeddable":true,"href":"https:\/\/plazajuarez.mx\/historico\/wp-json\/wp\/v2\/tags?post=37363"}],"curies":[{"name":"wp","href":"https:\/\/api.w.org\/{rel}","templated":true}]}}