{"id":37362,"date":"2017-03-01T17:38:46","date_gmt":"2017-03-01T17:38:46","guid":{"rendered":"http:\/\/plazajuarez.mx\/index\/index.php\/2017\/03\/01\/republica-dominicana-interesada-por-el-modelo-de-movilidad-en-hidalgo\/"},"modified":"2017-03-01T17:38:46","modified_gmt":"2017-03-01T17:38:46","slug":"republica-dominicana-interesada-por-el-modelo-de-movilidad-en-hidalgo","status":"publish","type":"post","link":"https:\/\/plazajuarez.mx\/historico\/republica-dominicana-interesada-por-el-modelo-de-movilidad-en-hidalgo\/","title":{"rendered":"Rep\u00fablica Dominicana interesada por el modelo de movilidad en Hidalgo"},"content":{"rendered":"<p style=\"text-align: justify;\"><span lang=\"ES-TRAD\">El secretario de Movilidad y Transporte de Hidalgo, Rufino H Le\u00f3n Tovar, recibi\u00f3 a responsables del transporte p\u00fablico del Gobierno de la Rep\u00fablica Dominicana, as\u00ed como al secretario T\u00e9cnico de la <\/span><span lang=\"ES\">Asociaci\u00f3n Latinoamericana de Sistemas Integrados<\/span> <span lang=\"ES\">para la Movilidad Urbana Sustentable \u2013 SIMUS<\/span><span lang=\"ES-TRAD\">, Claudio Varano, como parte del inter\u00e9s de la delegaci\u00f3n del pa\u00eds latinoamericano por conocer las estrategias implementadas para la consolidaci\u00f3n de un nuevo modelo de movilidad en el estado de Hidalgo, as\u00ed como compartir experiencias y conocimientos.<\/span><\/p>\n<p>  <!--more-->  <\/p>\n<p style=\"text-align: justify;\"><span lang=\"ES-TRAD\">En el encuentro, los funcionarios del Gobierno de la Rep\u00fablica Dominicana, Rolando J\u00e1quez, Subdirector General y Duany G\u00f3mez, Gerente de Supervisi\u00f3n General de la Oficina Metropolitana de Servicios de Autobuses (OMSA), as\u00ed como Claudio Varano, <\/span><span lang=\"ES\">manifestaron su inter\u00e9s por conocer las condiciones de movilidad de la Ciudad de Pachuca, y las estrategias que forman parte del nuevo gobierno de Omar Fayad Meneses, y que tiene como objetivo impulsar, mejorar y aplicar un nuevo modelo que optimice traslados y calidad de vida de las y los hidalguenses. <\/span><\/p>\n<p style=\"text-align: justify;\"><span lang=\"ES\">La delegaci\u00f3n de la Rep\u00fablica Dominicana coment\u00f3 que el inter\u00e9s de conocer sobre el transporte y la movilidad de Hidalgo, y en espec\u00edfico de la Ciudad de Pachuca, forma parte de sus visitas y recorridos en ciudades como Bogot\u00e1, Colombia y Lima, Per\u00fa, donde han recogido experiencias de \u00e9xito y conceptos que tomar\u00e1n en cuenta y servir\u00e1n para nutrir las acciones implementadas por la <\/span><span lang=\"ES-TRAD\">Oficina Metropolitana de Servicios de Autobuses (OMSA).<\/span><\/p>\n<p style=\"text-align: justify;\"><span lang=\"ES\">Acompa\u00f1ado del Director General del Sistema Integrado de Transporte Masivo de Hidalgo (SITMAH), <\/span><span lang=\"ES-TRAD\">Pablo Elio Blanco Cornejo, el <\/span><span lang=\"ES\">titular de la SEMOT destac\u00f3 la creaci\u00f3n de lo que ahora es la Secretar\u00eda de Movilidad y Transporte, as\u00ed como el cambio de paradigma sobre movilidad. En este sentido, refrend\u00f3 el objetivo de consolidar ciudades y espacios para la gente; impulsar el uso de transporte alternativo; as\u00ed como recuperar y estructurar espacios p\u00fablicos. <\/span><\/p>\n<p style=\"text-align: justify;\"><span lang=\"ES\">Al compartir el Plan de Intervenci\u00f3n del Sistema Tuzob\u00fas, Le\u00f3n Tovar abund\u00f3 en el inter\u00e9s por implementar un esquema de planeaci\u00f3n y contribuir con el desarrollo del Estado de Hidalgo, ello con orientaci\u00f3n al transporte. De igual manera, coment\u00f3 que la idea es integrar y moldear un Plan Integral de Movilidad, el cual est\u00e9 enfocado y tome en cuenta las realidades de ciudades hidalguenses como Pachuca, as\u00ed como el resto de los municipios de la entidad. Se refiri\u00f3 a las mejor\u00edas en el Sistema Tuzob\u00fas y el camino que se sigue como eje fundamental para responder a las necesidades de la poblaci\u00f3n que se mueve y traslada en este sistema de transporte masivo. <\/span><\/p>\n<p style=\"text-align: justify;\"><span lang=\"ES-TRAD\">En su oportunidad, Claudio Varano destac\u00f3 y aplaudi\u00f3 las mejoras y correcciones hechas a trav\u00e9s del Plan de Intervenci\u00f3n del Sistema Tuzob\u00fas y se\u00f1al\u00f3 la importancia de que la Delegaci\u00f3n de la Rep\u00fablica Dominicana conociera el proyecto de redise\u00f1o que la SEMOT lleva a cabo actualmente. <\/span><\/p>\n<p style=\"text-align: justify;\"><span lang=\"ES\" style=\"font-size: 12.16px;\">El encuentro termin\u00f3 con un recorrido y muestra de las instalaciones del Patio de encierro T\u00e9llez y el Centro de Control del Sistema Tuzob\u00fas, por parte del titular del SITMAH. Al tiempo, tanto funcionarios de la SEMOT como la <\/span><span lang=\"ES-TRAD\" style=\"font-size: 12.16px;\">OMSA y la Asociaci\u00f3n SIMUS, destacaron el encuentro como actividad sustancial para la retroalimentaci\u00f3n de informaci\u00f3n y aprendizaje. De igual manera, Rufino H Le\u00f3n Tovar expres\u00f3 su congratulaci\u00f3n por que las acciones de movilidad implementadas en Hidalgo sean referencia a nivel nacional e internacional.\u00a0<\/span><\/p>\n","protected":false},"excerpt":{"rendered":"<p>El secretario de Movilidad y Transporte de Hidalgo, Rufino H Le\u00f3n Tovar, recibi\u00f3 a responsables del transporte p\u00fablico del Gobierno de la Rep\u00fablica Dominicana, as\u00ed como al secretario T\u00e9cnico de la Asociaci\u00f3n Latinoamericana de Sistemas Integrados para la Movilidad Urbana Sustentable \u2013 SIMUS, Claudio Varano, como parte del inter\u00e9s de la delegaci\u00f3n del pa\u00eds latinoamericano [&hellip;]<\/p>\n","protected":false},"author":6,"featured_media":0,"comment_status":"open","ping_status":"open","sticky":false,"template":"","format":"standard","meta":{"footnotes":""},"categories":[59],"tags":[],"class_list":["post-37362","post","type-post","status-publish","format-standard","hentry","category-general"],"_links":{"self":[{"href":"https:\/\/plazajuarez.mx\/historico\/wp-json\/wp\/v2\/posts\/37362","targetHints":{"allow":["GET"]}}],"collection":[{"href":"https:\/\/plazajuarez.mx\/historico\/wp-json\/wp\/v2\/posts"}],"about":[{"href":"https:\/\/plazajuarez.mx\/historico\/wp-json\/wp\/v2\/types\/post"}],"author":[{"embeddable":true,"href":"https:\/\/plazajuarez.mx\/historico\/wp-json\/wp\/v2\/users\/6"}],"replies":[{"embeddable":true,"href":"https:\/\/plazajuarez.mx\/historico\/wp-json\/wp\/v2\/comments?post=37362"}],"version-history":[{"count":0,"href":"https:\/\/plazajuarez.mx\/historico\/wp-json\/wp\/v2\/posts\/37362\/revisions"}],"wp:attachment":[{"href":"https:\/\/plazajuarez.mx\/historico\/wp-json\/wp\/v2\/media?parent=37362"}],"wp:term":[{"taxonomy":"category","embeddable":true,"href":"https:\/\/plazajuarez.mx\/historico\/wp-json\/wp\/v2\/categories?post=37362"},{"taxonomy":"post_tag","embeddable":true,"href":"https:\/\/plazajuarez.mx\/historico\/wp-json\/wp\/v2\/tags?post=37362"}],"curies":[{"name":"wp","href":"https:\/\/api.w.org\/{rel}","templated":true}]}}