{"id":37303,"date":"2017-02-28T17:38:56","date_gmt":"2017-02-28T17:38:56","guid":{"rendered":"http:\/\/plazajuarez.mx\/index\/index.php\/2017\/02\/28\/barbosa-descarta-renunciar-al-prd\/"},"modified":"2017-02-28T17:38:56","modified_gmt":"2017-02-28T17:38:56","slug":"barbosa-descarta-renunciar-al-prd","status":"publish","type":"post","link":"https:\/\/plazajuarez.mx\/historico\/barbosa-descarta-renunciar-al-prd\/","title":{"rendered":"Barbosa descarta renunciar al PRD"},"content":{"rendered":"<p class=\"MsoNormal\" style=\"text-align: justify;\">El coordinador del Partido de la Revoluci\u00f3n Democr\u00e1tica (PRD) en el Senado, Miguel Barbosa, asegur\u00f3 que pese a que apoya a Andr\u00e9s Manuel L\u00f3pez Obrador rumbo a la presidencia en el 2018, no presentar\u00e1 su renuncia al sol azteca por congruencia con sus ideales.<\/p>\n<p>  <!--more-->  <\/p>\n<p class=\"MsoNormal\" style=\"text-align: justify;\">\u201cMi opini\u00f3n desde ayer es no incorporarme a Morena (Movimiento de Regeneraci\u00f3n Nacional) y mantenerme en el PRD\u201d, dijo el senador en entrevista.<\/p>\n<p class=\"MsoNormal\" style=\"text-align: justify;\">Neg\u00f3 que busque una candidatura en el Movimiento de Regeneraci\u00f3n Nacional.<\/p>\n<p class=\"MsoNormal\" style=\"text-align: justify;\">&#8220;No llego a este apoyo portando la candidatura de Puebla con Morena. No espero tener una ruta como de quien llega a incorporarse a algo que ya est\u00e1 en marcha. No lo hago por eso, todo va a quedar aqu\u00ed y no espero una bienvenida de L\u00f3pez Obrador&#8221;, sostuvo.<\/p>\n<p class=\"MsoNormal\" style=\"text-align: justify;\">\u201cPara m\u00ed es un asunto de congruencia, tenemos una posici\u00f3n progresista de izquierda, digamos una definici\u00f3n que en el escenario electoral est\u00e1 configurado. Yo nunca ser\u00e9 parte de un PRD donde hay una alianza con el PAN y ah\u00ed los van a llevar, eso es un asunto de incongruencia\u201d, agreg\u00f3.<\/p>\n<p class=\"MsoNormal\" style=\"text-align: justify;\">Barbosa asegura que se siente muy tranquilo por su decisi\u00f3n de apoyar a L\u00f3pez Obrador.<\/p>\n<p class=\"MsoNormal\" style=\"text-align: justify;\">\u201cMe quedo con L\u00f3pez Obrador, el PRD no tiene una ruta hacia el 2018. Miguel \u00c1ngel Mancera nunca asumi\u00f3 una posici\u00f3n fuerte en la b\u00fasqueda de esta candidatura\u201d, dijo.<\/p>\n<p class=\"MsoNormal\" style=\"text-align: justify;\">Sobre el jefe de Gobierno, Miguel Barbosa expres\u00f3 \u201ces un hombre de enorme nobleza, con el que yo pude tener trabajo pol\u00edtico, legislativo, el apoyo a su favor por casi cinco a\u00f1os y me expres\u00e9 p\u00fablicamente a favor de su figura, de su persona como candidato a la presidencia de la rep\u00fablica. Creo que no asumi\u00f3 una posici\u00f3n fuerte frente a esta ruta, creo que al final qued\u00f3 o lo tienen entrampado en la l\u00f3gica de las corrientes\u201d.<\/p>\n","protected":false},"excerpt":{"rendered":"<p>El coordinador del Partido de la Revoluci\u00f3n Democr\u00e1tica (PRD) en el Senado, Miguel Barbosa, asegur\u00f3 que pese a que apoya a Andr\u00e9s Manuel L\u00f3pez Obrador rumbo a la presidencia en el 2018, no presentar\u00e1 su renuncia al sol azteca por congruencia con sus ideales.<\/p>\n","protected":false},"author":6,"featured_media":0,"comment_status":"open","ping_status":"open","sticky":false,"template":"","format":"standard","meta":{"footnotes":""},"categories":[36],"tags":[],"class_list":["post-37303","post","type-post","status-publish","format-standard","hentry","category-nacion"],"_links":{"self":[{"href":"https:\/\/plazajuarez.mx\/historico\/wp-json\/wp\/v2\/posts\/37303","targetHints":{"allow":["GET"]}}],"collection":[{"href":"https:\/\/plazajuarez.mx\/historico\/wp-json\/wp\/v2\/posts"}],"about":[{"href":"https:\/\/plazajuarez.mx\/historico\/wp-json\/wp\/v2\/types\/post"}],"author":[{"embeddable":true,"href":"https:\/\/plazajuarez.mx\/historico\/wp-json\/wp\/v2\/users\/6"}],"replies":[{"embeddable":true,"href":"https:\/\/plazajuarez.mx\/historico\/wp-json\/wp\/v2\/comments?post=37303"}],"version-history":[{"count":0,"href":"https:\/\/plazajuarez.mx\/historico\/wp-json\/wp\/v2\/posts\/37303\/revisions"}],"wp:attachment":[{"href":"https:\/\/plazajuarez.mx\/historico\/wp-json\/wp\/v2\/media?parent=37303"}],"wp:term":[{"taxonomy":"category","embeddable":true,"href":"https:\/\/plazajuarez.mx\/historico\/wp-json\/wp\/v2\/categories?post=37303"},{"taxonomy":"post_tag","embeddable":true,"href":"https:\/\/plazajuarez.mx\/historico\/wp-json\/wp\/v2\/tags?post=37303"}],"curies":[{"name":"wp","href":"https:\/\/api.w.org\/{rel}","templated":true}]}}