{"id":37160,"date":"2017-02-26T14:55:29","date_gmt":"2017-02-26T14:55:29","guid":{"rendered":"http:\/\/plazajuarez.mx\/index\/index.php\/2017\/02\/26\/homo-politicus-20\/"},"modified":"2017-02-26T14:55:29","modified_gmt":"2017-02-26T14:55:29","slug":"homo-politicus-20","status":"publish","type":"post","link":"https:\/\/plazajuarez.mx\/historico\/homo-politicus-20\/","title":{"rendered":"HOMO POLITICUS"},"content":{"rendered":"<p id=\"docs-internal-guid-fb3e279f-7aec-4bb0-000b-0408a3b0bc99\" dir=\"ltr\" style=\"line-height: 1.2; margin-top: 0pt; margin-bottom: 0pt; text-align: center;\"><span style=\"font-size: 12pt; font-family: 'Century Gothic'; color: #000000; background-color: transparent; font-weight: bold; font-style: normal; font-variant: normal; text-decoration: none; vertical-align: baseline;\">\u00a0<\/span><\/p>\n<p dir=\"ltr\" style=\"line-height: 1.2; margin-top: 0pt; margin-bottom: 0pt; text-align: left;\"><span style=\"font-size: 12pt; font-family: 'Century Gothic'; color: #000000; background-color: transparent; font-weight: bold; font-style: normal; font-variant: normal; text-decoration: none; vertical-align: baseline;\">El discurso vac\u00edo de la migraci\u00f3n<\/span><\/p>\n<p dir=\"ltr\" style=\"line-height: 1.2; margin-top: 0pt; margin-bottom: 0pt;\"><span style=\"font-size: 12pt; font-family: 'Century Gothic'; color: #000000; background-color: transparent; font-weight: bold; font-style: normal; font-variant: normal; text-decoration: none; vertical-align: baseline;\">\u00a0<\/span><\/p>\n<p dir=\"ltr\" style=\"line-height: 1.2; margin-top: 0pt; margin-bottom: 0pt; text-align: justify;\"><span style=\"font-size: 12pt; font-family: 'Century Gothic'; color: #000000; background-color: transparent; font-weight: bold; font-style: normal; font-variant: normal; text-decoration: none; vertical-align: baseline;\">\u00a0<\/span><span style=\"font-size: 12pt; font-family: 'Century Gothic'; color: #000000; background-color: transparent; font-weight: 400; font-style: normal; font-variant: normal; text-decoration: none; vertical-align: baseline;\">Es evidente que la fibra sensible del tejido social en el pa\u00eds la constituye en estos momentos la migraci\u00f3n.<\/span><\/p>\n<p>  <!--more-->  <\/p>\n<p dir=\"ltr\" style=\"line-height: 1.2; margin-top: 0pt; margin-bottom: 0pt; text-align: justify;\"><span style=\"font-size: 12pt; font-family: 'Century Gothic'; color: #000000; background-color: transparent; font-weight: 400; font-style: normal; font-variant: normal; text-decoration: none; vertical-align: baseline;\">\u00a0<\/span><\/p>\n<p dir=\"ltr\" style=\"line-height: 1.2; margin-top: 0pt; margin-bottom: 0pt; text-align: justify;\"><span style=\"font-size: 12pt; font-family: 'Century Gothic'; color: #000000; background-color: transparent; font-weight: 400; font-style: normal; font-variant: normal; text-decoration: none; vertical-align: baseline;\">Discursos van y vienen, \u201cmedidas de apoyo\u201d a los deportados, reestructuraci\u00f3n pol\u00edtico-social para atender el problema migratorio, buena voluntad y arengas como \u201ctodos somos migrantes\u201d, se suceden en el pa\u00eds sin que ello implique contener el desgarrador impacto emocional y social de los migrantes.<\/span><\/p>\n<p dir=\"ltr\" style=\"line-height: 1.2; margin-top: 0pt; margin-bottom: 0pt; text-align: justify;\"><span style=\"font-size: 12pt; font-family: 'Century Gothic'; color: #000000; background-color: transparent; font-weight: 400; font-style: normal; font-variant: normal; text-decoration: none; vertical-align: baseline;\">\u00a0<\/span><\/p>\n<p dir=\"ltr\" style=\"line-height: 1.2; margin-top: 0pt; margin-bottom: 0pt; text-align: justify;\"><span style=\"font-size: 12pt; font-family: 'Century Gothic'; color: #000000; background-color: transparent; font-weight: 400; font-style: normal; font-variant: normal; text-decoration: none; vertical-align: baseline;\">En carne propia, porque soy un migrante chileno que vivi\u00f3 el exilio de su padre, puedo argumentar como se suele expresar el dolor de no estar en el pa\u00eds de origen y el desencuentro o los desencuentros al retornar al pa\u00eds de origen.<\/span><\/p>\n<p dir=\"ltr\" style=\"line-height: 1.2; margin-top: 0pt; margin-bottom: 0pt; text-align: justify;\"><span style=\"font-size: 12pt; font-family: 'Century Gothic'; color: #000000; background-color: transparent; font-weight: 400; font-style: normal; font-variant: normal; text-decoration: none; vertical-align: baseline;\">\u00a0<\/span><\/p>\n<p dir=\"ltr\" style=\"line-height: 1.2; margin-top: 0pt; margin-bottom: 0pt; text-align: justify;\"><span style=\"font-size: 12pt; font-family: 'Century Gothic'; color: #000000; background-color: transparent; font-weight: 400; font-style: normal; font-variant: normal; text-decoration: none; vertical-align: baseline;\">En primer t\u00e9rmino, cuando migras t\u00fa eres un extra\u00f1o en la tierra a la que llegas; intentas insertarte en las l\u00f3gicas sociales y culturales, pero muchas de ellas te son ajenas y no las compartes y, otras, pueden resultarte hostiles, as\u00ed como tu comportamiento social puede resultar hostil, ajeno, burdo o antisocial, aunque para ti no lo sea.<\/span><\/p>\n<p dir=\"ltr\" style=\"line-height: 1.2; margin-top: 0pt; margin-bottom: 0pt; text-align: justify;\"><span style=\"font-size: 12pt; font-family: 'Century Gothic'; color: #000000; background-color: transparent; font-weight: 400; font-style: normal; font-variant: normal; text-decoration: none; vertical-align: baseline;\">\u00a0<\/span><\/p>\n<p dir=\"ltr\" style=\"line-height: 1.2; margin-top: 0pt; margin-bottom: 0pt; text-align: justify;\"><span style=\"font-size: 12pt; font-family: 'Century Gothic'; color: #000000; background-color: transparent; font-weight: 400; font-style: normal; font-variant: normal; text-decoration: none; vertical-align: baseline;\">Un segundo aspecto lo constituyen tus ra\u00edces y el raigambre hacia la nueva tierra; tus hijos adquieren maneras, formas y lenguaje que puede ser rechazados al interior de la familia y, el contexto de la familia y su espacio se pueden convertir en una defensa de los valores nacionales que se niegan a ser intervenidos e interferidos por los signos y s\u00edmbolos extra\u00f1os o ajenos.<\/span><\/p>\n<p dir=\"ltr\" style=\"line-height: 1.2; margin-top: 0pt; margin-bottom: 0pt; text-align: justify;\"><span style=\"font-size: 12pt; font-family: 'Century Gothic'; color: #000000; background-color: transparent; font-weight: 400; font-style: normal; font-variant: normal; text-decoration: none; vertical-align: baseline;\">\u00a0<\/span><\/p>\n<p dir=\"ltr\" style=\"line-height: 1.2; margin-top: 0pt; margin-bottom: 0pt; text-align: justify;\"><span style=\"font-size: 12pt; font-family: 'Century Gothic'; color: #000000; background-color: transparent; font-weight: 400; font-style: normal; font-variant: normal; text-decoration: none; vertical-align: baseline;\">De igual manera, para los de casa siempre ser\u00e1s extranjero lo que implica trabas tanto sociales como laborales y, si efectivamente nunca te naturalizas, las trabas legales suelen convertirse en dolores de cabeza, segregaci\u00f3n, discriminaci\u00f3n y abuso. Recuero como en M\u00e9xico durante d\u00e9cadas por no ser naturalizados no pudimos adquirir un bien ra\u00edz, pese a que a mi padre le descontaban como suced\u00eda conmigo la prestaci\u00f3n de vivienda de INFONAVIT.<\/span><\/p>\n<p dir=\"ltr\" style=\"line-height: 1.2; margin-top: 0pt; margin-bottom: 0pt; text-align: justify;\"><span style=\"font-size: 12pt; font-family: 'Century Gothic'; color: #000000; background-color: transparent; font-weight: 400; font-style: normal; font-variant: normal; text-decoration: none; vertical-align: baseline;\">\u00a0<\/span><\/p>\n<p dir=\"ltr\" style=\"line-height: 1.2; margin-top: 0pt; margin-bottom: 0pt; text-align: justify;\"><span style=\"font-size: 12pt; font-family: 'Century Gothic'; color: #000000; background-color: transparent; font-weight: 400; font-style: normal; font-variant: normal; text-decoration: none; vertical-align: baseline;\">En otro escenario, cuando retornas a tu pa\u00eds de origen suceden cosas brutales.<\/span><\/p>\n<p dir=\"ltr\" style=\"line-height: 1.2; margin-top: 0pt; margin-bottom: 0pt; text-align: justify;\"><span style=\"font-size: 12pt; font-family: 'Century Gothic'; color: #000000; background-color: transparent; font-weight: 400; font-style: normal; font-variant: normal; text-decoration: none; vertical-align: baseline;\">\u00a0<\/span><\/p>\n<p dir=\"ltr\" style=\"line-height: 1.2; margin-top: 0pt; margin-bottom: 0pt; text-align: justify;\"><span style=\"font-size: 12pt; font-family: 'Century Gothic'; color: #000000; background-color: transparent; font-weight: 400; font-style: normal; font-variant: normal; text-decoration: none; vertical-align: baseline;\">En primer t\u00e9rmino, eres novedad los primeros tres meses para tu familia y amigos, pero despu\u00e9s pasas a ser alguien com\u00fan o habitual, por lo que se genera un vac\u00edo o d\u00e9ficit de atenci\u00f3n familiar que te golpea mentalmente porque esperas que las atenciones, afecto y solidaridad se mantengan constantes, cosa que no sucede.<\/span><\/p>\n<p dir=\"ltr\" style=\"line-height: 1.2; margin-top: 0pt; margin-bottom: 0pt; text-align: justify;\"><span style=\"font-size: 12pt; font-family: 'Century Gothic'; color: #000000; background-color: transparent; font-weight: 400; font-style: normal; font-variant: normal; text-decoration: none; vertical-align: baseline;\">\u00a0<\/span><\/p>\n<p dir=\"ltr\" style=\"line-height: 1.2; margin-top: 0pt; margin-bottom: 0pt; text-align: justify;\"><span style=\"font-size: 12pt; font-family: 'Century Gothic'; color: #000000; background-color: transparent; font-weight: 400; font-style: normal; font-variant: normal; text-decoration: none; vertical-align: baseline;\">Posteriormente, para muchos de tus familiares cuando retornas al pa\u00eds tu eres un extra\u00f1o, no te conoc\u00edan o te conoc\u00edan poco, por lo que se decapita aquello de \u201cla sangre llama\u201d y, puedes ser visto como ajeno y, como tienes algunas costumbres del pa\u00eds al cual migraste, puedes ser criticado, censurado e incluso, \u201caislado\u201d.<\/span><\/p>\n<p dir=\"ltr\" style=\"line-height: 1.2; margin-top: 0pt; margin-bottom: 0pt; text-align: justify;\"><span style=\"font-size: 12pt; font-family: 'Century Gothic'; color: #000000; background-color: transparent; font-weight: 400; font-style: normal; font-variant: normal; text-decoration: none; vertical-align: baseline;\">\u00a0<\/span><\/p>\n<p dir=\"ltr\" style=\"line-height: 1.2; margin-top: 0pt; margin-bottom: 0pt; text-align: justify;\"><span style=\"font-size: 12pt; font-family: 'Century Gothic'; color: #000000; background-color: transparent; font-weight: 400; font-style: normal; font-variant: normal; text-decoration: none; vertical-align: baseline;\">La migraci\u00f3n en su retorno tiene un discurso vac\u00edo, donde la interacci\u00f3n humana es dif\u00edcil, intrincada, llena de sinsabores y donde el espacio que se ocupa carece de los referentes identitarios que tienden lazos con los dem\u00e1s, es sin duda el laberinto de la soledad.<\/span><\/p>\n","protected":false},"excerpt":{"rendered":"<p>\u00a0 El discurso vac\u00edo de la migraci\u00f3n \u00a0 \u00a0Es evidente que la fibra sensible del tejido social en el pa\u00eds la constituye en estos momentos la migraci\u00f3n.<\/p>\n","protected":false},"author":3,"featured_media":0,"comment_status":"open","ping_status":"open","sticky":false,"template":"","format":"standard","meta":{"footnotes":""},"categories":[42],"tags":[],"class_list":["post-37160","post","type-post","status-publish","format-standard","hentry","category-nuestrapalabra"],"_links":{"self":[{"href":"https:\/\/plazajuarez.mx\/historico\/wp-json\/wp\/v2\/posts\/37160","targetHints":{"allow":["GET"]}}],"collection":[{"href":"https:\/\/plazajuarez.mx\/historico\/wp-json\/wp\/v2\/posts"}],"about":[{"href":"https:\/\/plazajuarez.mx\/historico\/wp-json\/wp\/v2\/types\/post"}],"author":[{"embeddable":true,"href":"https:\/\/plazajuarez.mx\/historico\/wp-json\/wp\/v2\/users\/3"}],"replies":[{"embeddable":true,"href":"https:\/\/plazajuarez.mx\/historico\/wp-json\/wp\/v2\/comments?post=37160"}],"version-history":[{"count":0,"href":"https:\/\/plazajuarez.mx\/historico\/wp-json\/wp\/v2\/posts\/37160\/revisions"}],"wp:attachment":[{"href":"https:\/\/plazajuarez.mx\/historico\/wp-json\/wp\/v2\/media?parent=37160"}],"wp:term":[{"taxonomy":"category","embeddable":true,"href":"https:\/\/plazajuarez.mx\/historico\/wp-json\/wp\/v2\/categories?post=37160"},{"taxonomy":"post_tag","embeddable":true,"href":"https:\/\/plazajuarez.mx\/historico\/wp-json\/wp\/v2\/tags?post=37160"}],"curies":[{"name":"wp","href":"https:\/\/api.w.org\/{rel}","templated":true}]}}