{"id":37085,"date":"2017-02-24T13:43:44","date_gmt":"2017-02-24T13:43:44","guid":{"rendered":"http:\/\/plazajuarez.mx\/index\/index.php\/2017\/02\/24\/la-agenda-pendiente\/"},"modified":"2017-02-24T13:43:44","modified_gmt":"2017-02-24T13:43:44","slug":"la-agenda-pendiente","status":"publish","type":"post","link":"https:\/\/plazajuarez.mx\/historico\/la-agenda-pendiente\/","title":{"rendered":"La agenda pendiente"},"content":{"rendered":"<p>Nadia Aurelia Acu\u00f1a, esposa del doctor Francisco Fr\u00edas Castro, quien fuera candidato independiente a la gubernatura de Sinaloa en 2016, sentenci\u00f3 en una entrevista que concedi\u00f3 al peri\u00f3dico sinaloense Noroeste: \u201cSe olvidaron de la gente\u201d. Esta es la realidad de los \u00faltimos 15 a\u00f1os, los gobiernos panistas y el sexenio de Pe\u00f1a Nieto se olvidaron de la gente.<\/p>\n<p>  <!--more-->  <\/p>\n<p>Efectivamente en los \u00faltimos tres lustros el pa\u00eds ha carecido de una agenda social que busque cerrar la brecha de desigualdad. Desde hace casi 20 a\u00f1os los temas centrales de la agenda han sido las reformas estructurales econ\u00f3micas y las reformas pol\u00edticas de coyuntura que cada sexenio se discuten a conveniencia en el Poder Legislativo.<br \/>El \u00faltimo programa con enfoque social se dio en 2004 con el Seguro Popular, que permiti\u00f3 ampliar la cobertura de los servicios b\u00e1sicos de salud, pero no ha incidido en la mejora de la calidad de los servicios.<br \/>M\u00e9xico no es de los pa\u00edses m\u00e1s pobres, pero s\u00ed es de los pa\u00edses m\u00e1s desiguales. Aun as\u00ed, 45% de la poblaci\u00f3n est\u00e1 considerada como pobre de acuerdo a est\u00e1ndares internacionales.<br \/>Durante el \u201cboom petrolero\u201d en los gobiernos panistas hubo estabilidad econ\u00f3mica, lo cual ayud\u00f3 a mantener un determinado nivel de desigualdad, como lo evidencia la gr\u00e1fica del coeficiente Gini de los \u00faltimos sexenios, pero la realidad es que careci\u00f3 de una agenda que buscara otorgar un conjunto de derechos sociales que \u201cemparejara\u201d a la sociedad mexicana. Sin embargo, a ra\u00edz de la crisis econ\u00f3mica mundial de 2009 se increment\u00f3 la brecha de desigualdad.<br \/>Lo raro es que siendo nuestro pa\u00eds tan desigual no exista una agenda social que fortalezca los servicios de salud, la educaci\u00f3n, y la seguridad social incluyendo las pensiones de retiro e invalidez. Los principales partidos pol\u00edticos se olvidaron de la gente, al extremo que ni siquiera est\u00e1 en la discusi\u00f3n p\u00fablica la necesidad de una agenda social.<br \/>La clase pol\u00edtica de la mayor\u00eda de los partidos se corrompi\u00f3 y ha concentrado su discusi\u00f3n solo en reformas econ\u00f3micas, pero ha carecido de reformas estructurales de car\u00e1cter social, y de aquellos proyectos de largo alcance que impulsen la inversi\u00f3n en capital humano como lo son la salud, la seguridad social, la seguridad p\u00fablica, el Estado de Derecho y la educaci\u00f3n.<br \/>Los expertos se\u00f1alan que la educaci\u00f3n y la salud son los factores redistributivos por excelencia en manos del gobierno, sin embargo estos sectores no han sido dise\u00f1ados as\u00ed en nuestro pa\u00eds en los \u00faltimos 25 a\u00f1os.<br \/>Vemos que la clase pol\u00edtica de los diferentes partidos se ha concentrado en tres cosas: c\u00f3mo ganar elecciones; c\u00f3mo sus partidos y gobernantes obtienen m\u00e1s presupuesto; y c\u00f3mo hacen negocios ellos con el poder y el erario p\u00fablico. Es por esto que ha crecido la corrupci\u00f3n que hoy se\u00f1ala la sociedad y que nos grita \u201cYa basta, se olvidaron de la gente, y solo piensan en ustedes y sus partidos\u201d.<br \/>As\u00ed pues, de cara al proceso electoral de 2018, ser\u00e1n necesarias dos cosas: primero, la propuesta de una agenda social real, alejada del populismo y la demagogia y soportada con realismo econ\u00f3mico. Los derechos sociales en nuestro pa\u00eds deben ser una prioridad. A quienes se escandalizan ante la posibilidad de que pueda gobernar la izquierda, les digo: lo extra\u00f1o es que no haya gobernado la izquierda en un pa\u00eds tan desigual como el nuestro.<br \/>El segundo factor indispensable de cara a 2018 es el compromiso de combatir la corrupci\u00f3n. Este combate deber\u00e1 tener dos vertientes: un programa preventivo en todas las \u00e1reas que sabemos son de alto riesgo de corrupci\u00f3n de manera hist\u00f3rica, y otro deber\u00e1 ser una acci\u00f3n decidida de reducir la impunidad que solapa el \u201ctapaos los unos a los otros\u201d que se\u00f1ala Denise Dresser.<br \/>Ya hemos dicho otras veces que el problema de la corrupci\u00f3n en nuestro pa\u00eds es de corrupci\u00f3n organizada por lo que habr\u00e1 que desmantelar las redes criminales incrustadas en el gobierno tanto en el \u00e1mbito federal como en los estados.<br \/>As\u00ed pues, el gran reto de quien gobierne el pr\u00f3ximo sexenio 2018-2024 ser\u00e1 implementar en los 6 a\u00f1os una agenda social, combatir la lacerante corrupci\u00f3n y recuperar la credibilidad en el gobierno y despertar la esperanza de los mexicanos.<br \/>Twitter: @ClouthierManuel<\/p>\n","protected":false},"excerpt":{"rendered":"<p>Nadia Aurelia Acu\u00f1a, esposa del doctor Francisco Fr\u00edas Castro, quien fuera candidato independiente a la gubernatura de Sinaloa en 2016, sentenci\u00f3 en una entrevista que concedi\u00f3 al peri\u00f3dico sinaloense Noroeste: \u201cSe olvidaron de la gente\u201d. Esta es la realidad de los \u00faltimos 15 a\u00f1os, los gobiernos panistas y el sexenio de Pe\u00f1a Nieto se olvidaron [&hellip;]<\/p>\n","protected":false},"author":93,"featured_media":0,"comment_status":"open","ping_status":"open","sticky":false,"template":"","format":"standard","meta":{"footnotes":""},"categories":[42],"tags":[],"class_list":["post-37085","post","type-post","status-publish","format-standard","hentry","category-nuestrapalabra"],"_links":{"self":[{"href":"https:\/\/plazajuarez.mx\/historico\/wp-json\/wp\/v2\/posts\/37085","targetHints":{"allow":["GET"]}}],"collection":[{"href":"https:\/\/plazajuarez.mx\/historico\/wp-json\/wp\/v2\/posts"}],"about":[{"href":"https:\/\/plazajuarez.mx\/historico\/wp-json\/wp\/v2\/types\/post"}],"author":[{"embeddable":true,"href":"https:\/\/plazajuarez.mx\/historico\/wp-json\/wp\/v2\/users\/93"}],"replies":[{"embeddable":true,"href":"https:\/\/plazajuarez.mx\/historico\/wp-json\/wp\/v2\/comments?post=37085"}],"version-history":[{"count":0,"href":"https:\/\/plazajuarez.mx\/historico\/wp-json\/wp\/v2\/posts\/37085\/revisions"}],"wp:attachment":[{"href":"https:\/\/plazajuarez.mx\/historico\/wp-json\/wp\/v2\/media?parent=37085"}],"wp:term":[{"taxonomy":"category","embeddable":true,"href":"https:\/\/plazajuarez.mx\/historico\/wp-json\/wp\/v2\/categories?post=37085"},{"taxonomy":"post_tag","embeddable":true,"href":"https:\/\/plazajuarez.mx\/historico\/wp-json\/wp\/v2\/tags?post=37085"}],"curies":[{"name":"wp","href":"https:\/\/api.w.org\/{rel}","templated":true}]}}