{"id":37082,"date":"2017-02-24T13:39:53","date_gmt":"2017-02-24T13:39:53","guid":{"rendered":"http:\/\/plazajuarez.mx\/index\/index.php\/2017\/02\/24\/mexico-y-centroamerica-en-la-era-trump\/"},"modified":"2017-02-24T13:39:53","modified_gmt":"2017-02-24T13:39:53","slug":"mexico-y-centroamerica-en-la-era-trump","status":"publish","type":"post","link":"https:\/\/plazajuarez.mx\/historico\/mexico-y-centroamerica-en-la-era-trump\/","title":{"rendered":"M\u00e9xico y Centroam\u00e9rica en la era Trump"},"content":{"rendered":"<p>En migraci\u00f3n, M\u00e9xico no puede ponerse del lado de EU, sino de Centroam\u00e9rica; se debe adoptar una postura m\u00e1s solidaria<\/p>\n<p>  <!--more-->  <\/p>\n<p>No deja de ser preocupante el tono del discurso que han adoptado algunos funcionarios mexicanos en relaci\u00f3n al tema de la migraci\u00f3n hacia Estados Unidos. Al parecer, algunos de ellos est\u00e1n genuinamente convencidos de que el problema de Estados Unidos con los migrantes se circunscribe a aqu\u00e9llos de origen centroamericano. Ayer, por ejemplo, en la conferencia de prensa que dio junto con los secretarios estadounidenses, Tyllerson y Kelly, el canciller Luis Videgaray abord\u00f3 este tema y sugiri\u00f3 que habr\u00eda una cierta colaboraci\u00f3n entre los dos pa\u00edses para enfrentar este asunto de manera conjunta (\u201cuna responsabilidad compartida\u201d, le llam\u00f3). Tambi\u00e9n llam\u00f3 a adoptar un enfoque que no se limite a temas migratorios, \u201csino que atienda las verdaderas causas del fen\u00f3meno migratorio, como son el desarrollo y la estabilidad de estas naciones\u201d.<br \/>De hecho, en un tono hasta cierto punto condescendiente, Luis Videgaray habl\u00f3 de que M\u00e9xico y Estados Unidos convocar\u00edan conjuntamente a una discusi\u00f3n sobre la problem\u00e1tica y los factores que producen la migraci\u00f3n centroamericana. Seg\u00fan \u00e9l, uno de los acuerdos logrados fue el de convocar a un encuentro con otras naciones de la regi\u00f3n \u201cpara que tengamos un di\u00e1logo constructivo y asumamos una responsabilidad regional conjunta para el desarrollo de Am\u00e9rica Central, entendiendo que es a trav\u00e9s del desarrollo y la estabilidad como realmente pueden atenderse las causas de la migraci\u00f3n\u201d.<br \/>Todo esto parte de un diagn\u00f3stico claramente equivocado: seg\u00fan Videgaray, M\u00e9xico ya dej\u00f3 de ser un pa\u00eds generador de migrantes y ahora es, en sus propias palabras, \u201cun pa\u00eds de tr\u00e1nsito\u201d. Seg\u00fan \u00e9l, \u201cel fen\u00f3meno migratorio hoy tiene su origen principal en los pa\u00edses hermanos de Am\u00e9rica Central\u201d. Quiz\u00e1s el canciller no lo sepa a\u00fan (recordemos que vino a aprender), pero de acuerdo a las cifras oficiales de la agencia encargada de temas aduanales y de inmigraci\u00f3n en Estados Unidos (ICE, Immigration and Customs Enforcement), 62.4% de todos los deportados en 2016 fueron de origen mexicano y s\u00f3lo el 32% correspondieron a migrantes provenientes de pa\u00edses centroamericanos. No somos, pues, s\u00f3lo un pa\u00eds de tr\u00e1nsito de migrantes, sino que somos tambi\u00e9n un pa\u00eds generador de migrantes exactamente por los mismos factores atribuidos a la migraci\u00f3n centroamericana: por la falta de desarrollo y por la inestabilidad e inseguridad en vastas regiones del pa\u00eds.<br \/>Esta actitud tan sol\u00edcita de parte del gobierno mexicano tiene una lectura clara: M\u00e9xico parece estar dispuesto a seguir fungiendo como el polic\u00eda fronterizo de Estados Unidos. Se trata, quiz\u00e1, de usar como moneda de cambio el control de la migraci\u00f3n centroamericana con tal de mantener vigente el TLCAN (lo cual ni siquiera es obvio que pueda lograrse). Esto a su vez implica otras cosas: por ejemplo, el permitir que la pol\u00edtica migratoria de Estados Unidos se asiente en M\u00e9xico y que oficiales de ese pa\u00eds nos ayuden a controlar el paso de los bad hombres centroamericanos. En esto, como en tantas otras cosas, el gobierno mexicano estar\u00eda actuando de manera equivocada. En el tema de la migraci\u00f3n no podemos ponernos del lado de Estados Unidos, sino del lado de Centroam\u00e9rica: la suerte de miles de migrantes en su intento por entrar a Estados Unidos es conjunta, independientemente de su lugar de origen. Por ello, M\u00e9xico deber\u00eda adoptar una postura m\u00e1s humanista y solidaria. Deber\u00edamos, para empezar, reconsiderar nuestra pol\u00edtica de visas y de persecuci\u00f3n de migrantes centroamericanos. Por otro lado, deber\u00edamos establecer un compromiso expl\u00edcito de respeto a los derechos humanos de los migrantes. Si esto es lo que queremos exigirle a Estados Unidos para nuestros connacionales, eso mismo deber\u00edamos ofrecerle a los migrantes que cruzan por nuestro pa\u00eds. En materia migratoria actuemos como hermanos de los centroamericanos y no nos casemos con Estados Unidos. Evitemos la tentaci\u00f3n de convertirnos en la madrastra de la pel\u00edcula.<br \/>Twitter: @esquivelgerardo<br \/>Correo: gesquive@colmex.mx<\/p>\n<p>DATO<br \/>Esta actitud tan sol\u00edcita de parte del gobierno mexicano tiene una lectura clara: M\u00e9xico parece estar dispuesto a seguir fungiendo como el polic\u00eda fronterizo de Estados Unidos. Se trata, quiz\u00e1, de usar como moneda de cambio el control de la migraci\u00f3n centroamericana con tal de mantener vigente el TLCAN (lo cual ni siquiera es obvio que pueda lograrse). <\/p>\n","protected":false},"excerpt":{"rendered":"<p>En migraci\u00f3n, M\u00e9xico no puede ponerse del lado de EU, sino de Centroam\u00e9rica; se debe adoptar una postura m\u00e1s solidaria<\/p>\n","protected":false},"author":93,"featured_media":0,"comment_status":"open","ping_status":"open","sticky":false,"template":"","format":"standard","meta":{"footnotes":""},"categories":[42],"tags":[],"class_list":["post-37082","post","type-post","status-publish","format-standard","hentry","category-nuestrapalabra"],"_links":{"self":[{"href":"https:\/\/plazajuarez.mx\/historico\/wp-json\/wp\/v2\/posts\/37082","targetHints":{"allow":["GET"]}}],"collection":[{"href":"https:\/\/plazajuarez.mx\/historico\/wp-json\/wp\/v2\/posts"}],"about":[{"href":"https:\/\/plazajuarez.mx\/historico\/wp-json\/wp\/v2\/types\/post"}],"author":[{"embeddable":true,"href":"https:\/\/plazajuarez.mx\/historico\/wp-json\/wp\/v2\/users\/93"}],"replies":[{"embeddable":true,"href":"https:\/\/plazajuarez.mx\/historico\/wp-json\/wp\/v2\/comments?post=37082"}],"version-history":[{"count":0,"href":"https:\/\/plazajuarez.mx\/historico\/wp-json\/wp\/v2\/posts\/37082\/revisions"}],"wp:attachment":[{"href":"https:\/\/plazajuarez.mx\/historico\/wp-json\/wp\/v2\/media?parent=37082"}],"wp:term":[{"taxonomy":"category","embeddable":true,"href":"https:\/\/plazajuarez.mx\/historico\/wp-json\/wp\/v2\/categories?post=37082"},{"taxonomy":"post_tag","embeddable":true,"href":"https:\/\/plazajuarez.mx\/historico\/wp-json\/wp\/v2\/tags?post=37082"}],"curies":[{"name":"wp","href":"https:\/\/api.w.org\/{rel}","templated":true}]}}