{"id":37071,"date":"2017-02-24T13:27:52","date_gmt":"2017-02-24T13:27:52","guid":{"rendered":"http:\/\/plazajuarez.mx\/index\/index.php\/2017\/02\/24\/que-cruz-azul-sea-el-menos-peor-torrado\/"},"modified":"2017-02-24T13:27:52","modified_gmt":"2017-02-24T13:27:52","slug":"que-cruz-azul-sea-el-menos-peor-torrado","status":"publish","type":"post","link":"https:\/\/plazajuarez.mx\/historico\/que-cruz-azul-sea-el-menos-peor-torrado\/","title":{"rendered":"Que Cruz Azul sea el menos peor: Torrado"},"content":{"rendered":"<p>CL\u00c1SICO JOVEN <\/p>\n<p>&#8211; Hoy, cuatro a\u00f1os despu\u00e9s, a 3 mil 259 kil\u00f3metros, desde Indian\u00e1polis, Estados Unidos, Torrado espera que gane el \u201cmejor, y que el mejor sea Cruz Azul\u201d<\/p>\n<p>  <!--more-->  <\/p>\n<p>Gerardo Torrado, de 2005 a 2015, enfrent\u00f3 al Am\u00e9rica vistiendo la casaca de Cruz Azul en 22 ocasiones, entre juegos de Liga y Liguilla. Sus n\u00fameros son en contra: seis victorias, seis empates y 10 derrotas, siendo la m\u00e1s dura aquella del Clausura 2013, la de la final\u2026 \u201cesa que cost\u00f3 olvidar, pero que ya est\u00e1 superada\u201d.<br \/>Hoy, cuatro a\u00f1os despu\u00e9s, a 3 mil 259 kil\u00f3metros, desde Indian\u00e1polis, Estados Unidos, Torrado ve a la distancia que se viene un nuevo Cl\u00e1sico Joven, en el que espera que gane el \u201cmejor, y que el mejor sea Cruz Azul\u201d.<br \/>La vida en Indian\u00e1polis es apacible para el veterano jugador de 37 a\u00f1os, que se prepara para encarar una temporada m\u00e1s, ahora enfundado en la casaca del Indy Eleven de la NASL del pa\u00eds del norte, se mantiene informado de su adorada M\u00e1quina Celeste.<br \/>\u201cEs un juego trascendental para la afici\u00f3n de Cruz Azul, eso no est\u00e1 en duda. Siempre es importante para los aficionados, jugadores, cuerpo t\u00e9cnico, directiva, para toda la naci\u00f3n cementera es el juego del torneo\u201d, dice del Cl\u00e1sico Joven.<br \/>Aunque aclara: \u201cuna victoria da una gran satisfacci\u00f3n, pero no salva la temporada\u201d.<br \/>Y agrega: \u201cConozco la situaci\u00f3n que vive el equipo, s\u00e9 que es complicada, pero tambi\u00e9n la del Am\u00e9rica, se me hace que ser\u00e1 un Cl\u00e1sico muy especial, con mucha tensi\u00f3n de ambas partes. Ojal\u00e1 sea un partido atractivo para la afici\u00f3n, el momento en que llegan ambos clubes es complicado para asegurar que se d\u00e9 esto, pero en los cl\u00e1sicos, muchas veces no importa c\u00f3mo se llegue, y aunque sea una frase repetitiva es verdad, la adrenalina que se carga en esos partidos hace que los jugadores se sientan de otra manera\u201d.<br \/>No ve mucho futbol mexicano, \u201cpero s\u00ed me doy tiempo para ver los juegos de Cruz Azul. S\u00e9 que tiene un nuevo t\u00e9cnico [Francisco J\u00e9mez] y s\u00e9 que les ha faltado algo de suerte, porque hacen buenos partidos. Ojal\u00e1 se les d\u00e9 todo para bien este s\u00e1bado\u201d, cuando se jugar\u00e1 el partido en la cancha del estadio Azteca.<br \/>Al Am\u00e9rica de Ricardo La Volpe, lo ha visto menos, \u201cpero s\u00e9 que no le va bien tampoco. Ricardo es un gran t\u00e9cnico, tienen buenos jugadores, s\u00e9 que tarde o temprano levantar\u00e1n&#8230; Ojal\u00e1 no sea el s\u00e1bado\u201d.<br \/>Torrado no es de mucho recordar el pasado, \u201ces mejor vivir el presente\u201d, pero se da tiempo para revivir los d\u00edas previos a esos partidos. \u201cSon diferentes, la prensa se mete m\u00e1s con el equipo, se habla de pasados duelos&#8230; y despu\u00e9s, si ganas, todo se ve mejor y si pierdes, pues no quieres salir de casa\u201d.<br \/>Analiza un eventual retiro<br \/>El s\u00e1bado 6 de septiembre de 1997, en un partido entre Tigres y Pumas, la carrera de Gerardo Torrado D\u00edez de Bonilla inici\u00f3, y en febrero de 2017, casi 20 a\u00f1os despu\u00e9s, a\u00fan no decide si es tiempo de decir adi\u00f3s.<br \/>\u201cFirm\u00e9 hasta noviembre&#8230; Y en el transcurso del torneo vamos a ver c\u00f3mo me siento. No puedo decir que esta ser\u00e1 la \u00faltima temporada\u2026, por ahora no s\u00e9. Lo he pensado, para qu\u00e9 te digo que no, pero no lo he decidido. Tiene mucho que ver el aspecto f\u00edsico. Me siento bien, tengo energ\u00eda para entrenar, pero se juega en pasto sint\u00e9tico, superficie dura, no s\u00e9 cu\u00e1nto arriesgar m\u00e1s, es complicado jugar en esta superficie, as\u00ed que no s\u00e9 qu\u00e9 tanto m\u00e1s me quede, no quiero tener una lesi\u00f3n cr\u00f3nica, quiero disfrutar a mi familia, jugar con mis hijos\u201d.<br \/>Gerardo se dice identificado con la propuesta impulsada por Rafael M\u00e1rquez de crear una Asociaci\u00f3n de Futbolistas en M\u00e9xico.<br \/>DATOS<br \/>1 GOL APENAS LES PUDO MARCAR EL VOLANTE MEXICANO A LAS \u00c1GUILAS DEL AM\u00c9RICA EN SU LARGA CARRERA DENTRO DEL FUTBOL MEXICANO CON LA CAMISETA CELESTE.<br \/>6 VICTORIAS TUVO GERARDO TORRADO SOBRE LAS \u00c1GUILAS CUANDO VEST\u00cdA LA CASACA DE LA ESCUADRA CEMENTERA, UN CLUB CON EL QUE LOGR\u00d3 UNA GRAN IDENTIFICACI\u00d3N.<\/p>\n<p><\/p>\n","protected":false},"excerpt":{"rendered":"<p>CL\u00c1SICO JOVEN &#8211; Hoy, cuatro a\u00f1os despu\u00e9s, a 3 mil 259 kil\u00f3metros, desde Indian\u00e1polis, Estados Unidos, Torrado espera que gane el \u201cmejor, y que el mejor sea Cruz Azul\u201d<\/p>\n","protected":false},"author":93,"featured_media":0,"comment_status":"open","ping_status":"open","sticky":false,"template":"","format":"standard","meta":{"footnotes":""},"categories":[39],"tags":[],"class_list":["post-37071","post","type-post","status-publish","format-standard","hentry","category-deportiva"],"_links":{"self":[{"href":"https:\/\/plazajuarez.mx\/historico\/wp-json\/wp\/v2\/posts\/37071","targetHints":{"allow":["GET"]}}],"collection":[{"href":"https:\/\/plazajuarez.mx\/historico\/wp-json\/wp\/v2\/posts"}],"about":[{"href":"https:\/\/plazajuarez.mx\/historico\/wp-json\/wp\/v2\/types\/post"}],"author":[{"embeddable":true,"href":"https:\/\/plazajuarez.mx\/historico\/wp-json\/wp\/v2\/users\/93"}],"replies":[{"embeddable":true,"href":"https:\/\/plazajuarez.mx\/historico\/wp-json\/wp\/v2\/comments?post=37071"}],"version-history":[{"count":0,"href":"https:\/\/plazajuarez.mx\/historico\/wp-json\/wp\/v2\/posts\/37071\/revisions"}],"wp:attachment":[{"href":"https:\/\/plazajuarez.mx\/historico\/wp-json\/wp\/v2\/media?parent=37071"}],"wp:term":[{"taxonomy":"category","embeddable":true,"href":"https:\/\/plazajuarez.mx\/historico\/wp-json\/wp\/v2\/categories?post=37071"},{"taxonomy":"post_tag","embeddable":true,"href":"https:\/\/plazajuarez.mx\/historico\/wp-json\/wp\/v2\/tags?post=37071"}],"curies":[{"name":"wp","href":"https:\/\/api.w.org\/{rel}","templated":true}]}}